{"id":4180,"date":"2025-10-15T22:57:56","date_gmt":"2025-10-16T04:57:56","guid":{"rendered":"https:\/\/vocesdeveracruz.com.mx\/?p=4180"},"modified":"2025-10-15T22:57:56","modified_gmt":"2025-10-16T04:57:56","slug":"propone-diputado-establecer-control-sobre-enajenacion-de-bienes-municipales","status":"publish","type":"post","link":"https:\/\/vocesdeveracruz.com.mx\/?p=4180","title":{"rendered":"Propone diputado establecer control sobre enajenaci\u00f3n de bienes municipales"},"content":{"rendered":"\n<p><\/p>\n\n\n\n<p><\/p>\n\n\n\n<p><\/p>\n\n\n\n<p>Con la finalidad de establecer controles normativos que impidan la enajenaci\u00f3n de bienes municipales durante los \u00faltimos meses de gesti\u00f3n, salvo que exista una causa plenamente justificada y se cuente con la autorizaci\u00f3n expresa del Congreso local, el diputado Adri\u00e1n Sigfrido \u00c1vila Estrada present\u00f3 una iniciativa que prev\u00e9 reformar las Leyes Org\u00e1nicas del Poder Legislativo del Estado de Veracruz y del Municipio Libre.<\/p>\n\n\n\n<p>Durante la sexta sesi\u00f3n ordinaria, el legislador subray\u00f3 que, de aprobarse su propuesta, se promover\u00eda la transparencia en la toma de decisiones patrimoniales y se garantizar\u00eda que toda acci\u00f3n est\u00e9 debidamente registrada, publicada y sujeta a revisi\u00f3n por los \u00f3rganos de fiscalizaci\u00f3n.<\/p>\n\n\n\n<p>Precis\u00f3 que la legislaci\u00f3n actual prev\u00e9 la limitante para las autoridades municipales respecto a la autorizaci\u00f3n de solicitudes de enajenaci\u00f3n, transmisi\u00f3n de la posesi\u00f3n o dominio de bienes durante el \u00faltimo a\u00f1o del per\u00edodo constitucional de la Administraci\u00f3n Municipal, hasta tres meses antes de que concluya el periodo de gobierno correspondiente, \u201csin embargo, consideramos que es necesario ampliar esta restricci\u00f3n hasta seis meses antes de que concluya el periodo de gobierno que corresponda.<\/p>\n\n\n\n<p>Por otra parte, prev\u00e9 establecer que en la enajenaci\u00f3n de bienes muebles para su procedencia deber\u00e1n acreditarse que dejaron de tener utilidad suficiente. Lo obtenido por la venta de estos bienes deber\u00e1 ser destinado a la obra p\u00fablica de impacto general, infraestructura p\u00fablica productiva y no podr\u00e1 destinarse para el pago de obligaciones de cualquier naturaleza, agreg\u00f3.<\/p>\n\n\n\n<p>El diputado de Movimiento Ciudadano (MC) inform\u00f3 que, del 1 de enero al 30 de septiembre de 2025, el Congreso del Estado recibi\u00f3 275 solicitudes de los diferentes ayuntamientos del estado, para disponer de bienes muebles e inmuebles que forman parte del patrimonio del Ayuntamiento. \u201cDe ese c\u00famulo de solicitudes ciento dieciocho fueron recibidas del 1 de julio al 30 de septiembre de 2025\u201d.<\/p>\n\n\n\n<p>Agreg\u00f3 que la enajenaci\u00f3n, transmisi\u00f3n de posesi\u00f3n o dominio de bienes municipales por parte de un Ayuntamiento no debe ser un acto arbitrario, sino una decisi\u00f3n regulada y justificada por razones de inter\u00e9s p\u00fablico, eficiencia administrativa o desarrollo local.<\/p>\n\n\n\n<p>Para finalizar, extern\u00f3 que la administraci\u00f3n del patrimonio municipal debe responder a criterios de legalidad, eficiencia y responsabilidad p\u00fablica. \u201cEn contextos de transici\u00f3n pol\u00edtica, es indispensable blindar los bienes municipales frente a posibles actos de revanchismo, garantizando que toda enajenaci\u00f3n o cesi\u00f3n se realice en beneficio de la comunidad y no como instrumento de confrontaci\u00f3n partidista\u201d.<\/p>\n\n\n\n<p>La iniciativa fue turnada para su an\u00e1lisis y dictamen a las Comisiones Permanentes Unidas de Gobernaci\u00f3n y de Hacienda Municipal.<\/p>\n","protected":false},"excerpt":{"rendered":"<p>Con la finalidad de establecer controles normativos que impidan la enajenaci\u00f3n de bienes municipales durante los \u00faltimos meses de gesti\u00f3n, salvo que exista una causa plenamente justificada y se cuente&hellip;<\/p>\n","protected":false},"author":1,"featured_media":4181,"comment_status":"open","ping_status":"closed","sticky":false,"template":"","format":"standard","meta":{"footnotes":""},"categories":[71],"tags":[],"class_list":["post-4180","post","type-post","status-publish","format-standard","has-post-thumbnail","hentry","category-estatal"],"magazineBlocksPostFeaturedMedia":{"thumbnail":"https:\/\/vocesdeveracruz.com.mx\/wp-content\/uploads\/2025\/10\/FB_IMG_1760590546857-150x150.jpg","medium":"https:\/\/vocesdeveracruz.com.mx\/wp-content\/uploads\/2025\/10\/FB_IMG_1760590546857-300x200.jpg","medium_large":"https:\/\/vocesdeveracruz.com.mx\/wp-content\/uploads\/2025\/10\/FB_IMG_1760590546857-768x513.jpg","large":"https:\/\/vocesdeveracruz.com.mx\/wp-content\/uploads\/2025\/10\/FB_IMG_1760590546857-1024x684.jpg","1536x1536":"https:\/\/vocesdeveracruz.com.mx\/wp-content\/uploads\/2025\/10\/FB_IMG_1760590546857-1536x1025.jpg","2048x2048":"https:\/\/vocesdeveracruz.com.mx\/wp-content\/uploads\/2025\/10\/FB_IMG_1760590546857.jpg"},"magazineBlocksPostAuthor":{"name":"admin","avatar":"https:\/\/secure.gravatar.com\/avatar\/9d5013f9042ef2dfeb4122e9609da41e1858252ad644b84f2ec3a64ab59cceaf?s=96&d=mm&r=g"},"magazineBlocksPostCommentsNumber":"0","magazineBlocksPostExcerpt":"Con la finalidad de establecer controles normativos que impidan la enajenaci\u00f3n de bienes municipales durante los \u00faltimos meses de gesti\u00f3n, salvo que exista una causa plenamente justificada y se cuente&hellip;","magazineBlocksPostCategories":["ESTATAL"],"magazineBlocksPostViewCount":93,"magazineBlocksPostReadTime":3,"magazine_blocks_featured_image_url":{"full":["https:\/\/vocesdeveracruz.com.mx\/wp-content\/uploads\/2025\/10\/FB_IMG_1760590546857.jpg",1600,1068,false],"medium":["https:\/\/vocesdeveracruz.com.mx\/wp-content\/uploads\/2025\/10\/FB_IMG_1760590546857-300x200.jpg",300,200,true],"thumbnail":["https:\/\/vocesdeveracruz.com.mx\/wp-content\/uploads\/2025\/10\/FB_IMG_1760590546857-150x150.jpg",150,150,true]},"magazine_blocks_author":{"display_name":"admin","author_link":"https:\/\/vocesdeveracruz.com.mx\/?author=1"},"magazine_blocks_comment":0,"magazine_blocks_author_image":"https:\/\/secure.gravatar.com\/avatar\/9d5013f9042ef2dfeb4122e9609da41e1858252ad644b84f2ec3a64ab59cceaf?s=96&d=mm&r=g","magazine_blocks_category":"<a href=\"https:\/\/vocesdeveracruz.com.mx\/?cat=71\" rel=\"category\">ESTATAL<\/a>","_links":{"self":[{"href":"https:\/\/vocesdeveracruz.com.mx\/index.php?rest_route=\/wp\/v2\/posts\/4180","targetHints":{"allow":["GET"]}}],"collection":[{"href":"https:\/\/vocesdeveracruz.com.mx\/index.php?rest_route=\/wp\/v2\/posts"}],"about":[{"href":"https:\/\/vocesdeveracruz.com.mx\/index.php?rest_route=\/wp\/v2\/types\/post"}],"author":[{"embeddable":true,"href":"https:\/\/vocesdeveracruz.com.mx\/index.php?rest_route=\/wp\/v2\/users\/1"}],"replies":[{"embeddable":true,"href":"https:\/\/vocesdeveracruz.com.mx\/index.php?rest_route=%2Fwp%2Fv2%2Fcomments&post=4180"}],"version-history":[{"count":1,"href":"https:\/\/vocesdeveracruz.com.mx\/index.php?rest_route=\/wp\/v2\/posts\/4180\/revisions"}],"predecessor-version":[{"id":4182,"href":"https:\/\/vocesdeveracruz.com.mx\/index.php?rest_route=\/wp\/v2\/posts\/4180\/revisions\/4182"}],"wp:featuredmedia":[{"embeddable":true,"href":"https:\/\/vocesdeveracruz.com.mx\/index.php?rest_route=\/wp\/v2\/media\/4181"}],"wp:attachment":[{"href":"https:\/\/vocesdeveracruz.com.mx\/index.php?rest_route=%2Fwp%2Fv2%2Fmedia&parent=4180"}],"wp:term":[{"taxonomy":"category","embeddable":true,"href":"https:\/\/vocesdeveracruz.com.mx\/index.php?rest_route=%2Fwp%2Fv2%2Fcategories&post=4180"},{"taxonomy":"post_tag","embeddable":true,"href":"https:\/\/vocesdeveracruz.com.mx\/index.php?rest_route=%2Fwp%2Fv2%2Ftags&post=4180"}],"curies":[{"name":"wp","href":"https:\/\/api.w.org\/{rel}","templated":true}]}}