{"id":4174,"date":"2025-10-15T22:29:04","date_gmt":"2025-10-16T04:29:04","guid":{"rendered":"https:\/\/vocesdeveracruz.com.mx\/?p=4174"},"modified":"2025-10-15T22:29:04","modified_gmt":"2025-10-16T04:29:04","slug":"promueve-diputada-proteccion-al-patrimonio-cultural-y-fomento-a-la-propiedad-industrial-2","status":"publish","type":"post","link":"https:\/\/vocesdeveracruz.com.mx\/?p=4174","title":{"rendered":"Promueve diputada protecci\u00f3n al patrimonio cultural y fomento a la propiedad industrial"},"content":{"rendered":"\n<p>Con el objetivo de proteger y salvaguardar el Patrimonio Cultural del estado, la diputada Bertha Rosal\u00eda Ahued Malpica present\u00f3 al Pleno de la LXVII Legislatura una iniciativa que dotar\u00eda a las Secretar\u00edas de Desarrollo Econ\u00f3mico y Portuario (Sedecop) y de Cultura de Veracruz (Secver) de los mecanismos t\u00e9cnicos y administrativos que permitan traducir el derecho a la defensa del Patrimonio Cultural en una Protecci\u00f3n Comercial y de Fomento Productivo ante el Instituto Mexicano de la Propiedad Industrial (IMPI).<\/p>\n\n\n\n<p>En primer t\u00e9rmino, explic\u00f3 la legisladora, se facultar\u00eda a la Sedecop para sistematizar informaci\u00f3n, optimizar recursos y coordinar la postulaci\u00f3n de bienes culturales, con el fin de proteger legalmente el conocimiento tradicional veracruzano.<\/p>\n\n\n\n<p>Adem\u00e1s, se impulsar\u00eda la competitividad territorial y garantizar\u00eda la preservaci\u00f3n del patrimonio cultural y natural, generando un padr\u00f3n de bienes, productos y servicios del estado, susceptibles de obtener la declaratoria de Denominaci\u00f3n de Origen, as\u00ed como coordinar los tr\u00e1mites de solicitud de registro ante el IMPI.<\/p>\n\n\n\n<p>En segundo lugar, se otorgar\u00eda a la Secver la atribuci\u00f3n de fomentar la protecci\u00f3n del patrimonio del estado, a trav\u00e9s de la elaboraci\u00f3n y mantenimiento de un Cat\u00e1logo de Bienes, Productos y Servicios Culturales Veracruzanos. Asimismo, en los casos de apropiaci\u00f3n cultural, iniciar acciones a nivel local y colaborar con las comunidades en el proceso federal, proporcionando documentaci\u00f3n hist\u00f3rica, antropol\u00f3gica y cultural que compruebe la titularidad colectiva del dise\u00f1o.<\/p>\n\n\n\n<p>El Estado mexicano ha avanzado en el reconocimiento y protecci\u00f3n de estos derechos colectivos, indic\u00f3 la diputada, por lo que, con estas adiciones a la Ley Org\u00e1nica del Poder Ejecutivo de Veracruz, \u201cse robustecen las atribuciones de la Sedecop y Secver aline\u00e1ndola con las pol\u00edticas nacionales de protecci\u00f3n al patrimonio cultural y de impulso a la competitividad territorial\u201d, subray\u00f3.<\/p>\n\n\n\n<p>La Denominaci\u00f3n de Origen, destac\u00f3 Ahued Malpica, es una herramienta indispensable de fomento econ\u00f3mico que permite promover, a nivel nacional e internacional, los productos que poseen dicha distinci\u00f3n, evitando la usurpaci\u00f3n y retribuyendo a las comunidades productoras con un precio justo por su conocimiento tradicional y esfuerzo.<\/p>\n\n\n\n<p>A la iniciativa que adicionan las fracciones XXXVI y XXXVII al Art\u00edculo 24 y la fracci\u00f3n XXXI al art\u00edculo 32 Septies de la Ley Org\u00e1nica del Poder Ejecutivo del Estado de Veracruz, se adhirieron los Grupos Legislativos de Morena, del Partido Verde Ecologista de M\u00e9xico (PVEM), as\u00ed como y la y el integrante del Partido de Trabajo (PT). Para su estudio y dictamen fue turnada a las Comisiones Permanentes Unidas de Gobernaci\u00f3n, de Educaci\u00f3n y Cultura y de Corredor Interoce\u00e1nico, Zonas Portuarias, Mejora Regulatoria y Desarrollo Econ\u00f3mico.<\/p>\n","protected":false},"excerpt":{"rendered":"<p>Con el objetivo de proteger y salvaguardar el Patrimonio Cultural del estado, la diputada Bertha Rosal\u00eda Ahued Malpica present\u00f3 al Pleno de la LXVII Legislatura una iniciativa que dotar\u00eda a&hellip;<\/p>\n","protected":false},"author":1,"featured_media":4175,"comment_status":"open","ping_status":"closed","sticky":false,"template":"","format":"standard","meta":{"footnotes":""},"categories":[71],"tags":[],"class_list":["post-4174","post","type-post","status-publish","format-standard","has-post-thumbnail","hentry","category-estatal"],"magazineBlocksPostFeaturedMedia":{"thumbnail":"https:\/\/vocesdeveracruz.com.mx\/wp-content\/uploads\/2025\/10\/NOV15OCT2025BERTHA1-1-150x150.jpg","medium":"https:\/\/vocesdeveracruz.com.mx\/wp-content\/uploads\/2025\/10\/NOV15OCT2025BERTHA1-1-300x200.jpg","medium_large":"https:\/\/vocesdeveracruz.com.mx\/wp-content\/uploads\/2025\/10\/NOV15OCT2025BERTHA1-1-768x513.jpg","large":"https:\/\/vocesdeveracruz.com.mx\/wp-content\/uploads\/2025\/10\/NOV15OCT2025BERTHA1-1-1024x684.jpg","1536x1536":"https:\/\/vocesdeveracruz.com.mx\/wp-content\/uploads\/2025\/10\/NOV15OCT2025BERTHA1-1-1536x1025.jpg","2048x2048":"https:\/\/vocesdeveracruz.com.mx\/wp-content\/uploads\/2025\/10\/NOV15OCT2025BERTHA1-1.jpg"},"magazineBlocksPostAuthor":{"name":"admin","avatar":"https:\/\/secure.gravatar.com\/avatar\/9d5013f9042ef2dfeb4122e9609da41e1858252ad644b84f2ec3a64ab59cceaf?s=96&d=mm&r=g"},"magazineBlocksPostCommentsNumber":"0","magazineBlocksPostExcerpt":"Con el objetivo de proteger y salvaguardar el Patrimonio Cultural del estado, la diputada Bertha Rosal\u00eda Ahued Malpica present\u00f3 al Pleno de la LXVII Legislatura una iniciativa que dotar\u00eda a&hellip;","magazineBlocksPostCategories":["ESTATAL"],"magazineBlocksPostViewCount":84,"magazineBlocksPostReadTime":3,"magazine_blocks_featured_image_url":{"full":["https:\/\/vocesdeveracruz.com.mx\/wp-content\/uploads\/2025\/10\/NOV15OCT2025BERTHA1-1.jpg",1600,1068,false],"medium":["https:\/\/vocesdeveracruz.com.mx\/wp-content\/uploads\/2025\/10\/NOV15OCT2025BERTHA1-1-300x200.jpg",300,200,true],"thumbnail":["https:\/\/vocesdeveracruz.com.mx\/wp-content\/uploads\/2025\/10\/NOV15OCT2025BERTHA1-1-150x150.jpg",150,150,true]},"magazine_blocks_author":{"display_name":"admin","author_link":"https:\/\/vocesdeveracruz.com.mx\/?author=1"},"magazine_blocks_comment":0,"magazine_blocks_author_image":"https:\/\/secure.gravatar.com\/avatar\/9d5013f9042ef2dfeb4122e9609da41e1858252ad644b84f2ec3a64ab59cceaf?s=96&d=mm&r=g","magazine_blocks_category":"<a href=\"https:\/\/vocesdeveracruz.com.mx\/?cat=71\" rel=\"category\">ESTATAL<\/a>","_links":{"self":[{"href":"https:\/\/vocesdeveracruz.com.mx\/index.php?rest_route=\/wp\/v2\/posts\/4174","targetHints":{"allow":["GET"]}}],"collection":[{"href":"https:\/\/vocesdeveracruz.com.mx\/index.php?rest_route=\/wp\/v2\/posts"}],"about":[{"href":"https:\/\/vocesdeveracruz.com.mx\/index.php?rest_route=\/wp\/v2\/types\/post"}],"author":[{"embeddable":true,"href":"https:\/\/vocesdeveracruz.com.mx\/index.php?rest_route=\/wp\/v2\/users\/1"}],"replies":[{"embeddable":true,"href":"https:\/\/vocesdeveracruz.com.mx\/index.php?rest_route=%2Fwp%2Fv2%2Fcomments&post=4174"}],"version-history":[{"count":1,"href":"https:\/\/vocesdeveracruz.com.mx\/index.php?rest_route=\/wp\/v2\/posts\/4174\/revisions"}],"predecessor-version":[{"id":4176,"href":"https:\/\/vocesdeveracruz.com.mx\/index.php?rest_route=\/wp\/v2\/posts\/4174\/revisions\/4176"}],"wp:featuredmedia":[{"embeddable":true,"href":"https:\/\/vocesdeveracruz.com.mx\/index.php?rest_route=\/wp\/v2\/media\/4175"}],"wp:attachment":[{"href":"https:\/\/vocesdeveracruz.com.mx\/index.php?rest_route=%2Fwp%2Fv2%2Fmedia&parent=4174"}],"wp:term":[{"taxonomy":"category","embeddable":true,"href":"https:\/\/vocesdeveracruz.com.mx\/index.php?rest_route=%2Fwp%2Fv2%2Fcategories&post=4174"},{"taxonomy":"post_tag","embeddable":true,"href":"https:\/\/vocesdeveracruz.com.mx\/index.php?rest_route=%2Fwp%2Fv2%2Ftags&post=4174"}],"curies":[{"name":"wp","href":"https:\/\/api.w.org\/{rel}","templated":true}]}}