{"id":4171,"date":"2025-10-15T22:27:06","date_gmt":"2025-10-16T04:27:06","guid":{"rendered":"https:\/\/vocesdeveracruz.com.mx\/?p=4171"},"modified":"2025-10-15T22:27:06","modified_gmt":"2025-10-16T04:27:06","slug":"proponen-actualizar-legislacion-en-materia-de-proteccion-civil","status":"publish","type":"post","link":"https:\/\/vocesdeveracruz.com.mx\/?p=4171","title":{"rendered":"Proponen actualizar legislaci\u00f3n en materia de protecci\u00f3n civil"},"content":{"rendered":"\n<p>La Mesa Directiva de la LXVII Legislatura turn\u00f3 a las Comisiones Permanentes Unidas de Justicia y Puntos Constitucionales y de Protecci\u00f3n Civil la Iniciativa con Proyecto de Decreto que reforma y adiciona diversas disposiciones de la Ley de Protecci\u00f3n Civil y la Reducci\u00f3n del Riesgo de Desastres y del C\u00f3digo Penal, ambos del estado de Veracruz, autor\u00eda de las y los integrantes del Grupo Legislativo del Partido Acci\u00f3n Nacional (PAN).<\/p>\n\n\n\n<p>La diputada Indira de Jes\u00fas Rosales San Rom\u00e1n hizo uso de la tribuna durante la Sexta Sesi\u00f3n Ordinaria para dar a conocer el proyecto que prioriza la necesidad de realizar todos los cambios legislativos pertinentes para establecer pol\u00edticas p\u00fablicas, programas y acciones de gobierno que protejan la vida y la integridad f\u00edsica de las personas, sus viviendas y patrimonio, ante desastres naturales.<\/p>\n\n\n\n<p>Las y los proponentes consideran imprescindible que se precisen las atribuciones de la Secretar\u00eda de Protecci\u00f3n Civil del estado en materia de prevenci\u00f3n, apoyo a municipios afectados y en la elaboraci\u00f3n de sus Atlas de Riesgo. Ponderan la urgencia de que se designe al frente de dicha dependencia a una persona con perfil id\u00f3neo, capacitada y con experiencia en la materia, con la obligatoriedad de que cumpla con ese perfil y no sea designada por otros motivos.<\/p>\n\n\n\n<p>Manifiestan tambi\u00e9n que se requiere etiquetar un presupuesto espec\u00edfico al Fondo Estatal de Protecci\u00f3n Civil y la Reducci\u00f3n del Riesgo de Desastres con respecto al gasto de cada ejercicio fiscal del estado para que, desde la ley, se fije una cantidad suficiente que permita atender de manera oportuna los riesgos que pueda sufrir la poblaci\u00f3n veracruzana.<\/p>\n\n\n\n<p>Adem\u00e1s, las diputadas y los diputados proponen que, con los recursos del Fondo de Desastres, se establezca un Programa de Empleo Temporal (PET), para contribuir al bienestar socioecon\u00f3mico de la poblaci\u00f3n en situaci\u00f3n de carencia o pobreza, que ven disminuidos sus ingresos o patrimonio ocasionado por emergencias o desastres naturales.<\/p>\n\n\n\n<p>Por \u00faltimo, en caso de desastres naturales que hayan ocasionado alg\u00fan da\u00f1o patrimonial o la muerte de las personas, plantean el incremento de las penas por incumplimiento del deber legal.<\/p>\n","protected":false},"excerpt":{"rendered":"<p>La Mesa Directiva de la LXVII Legislatura turn\u00f3 a las Comisiones Permanentes Unidas de Justicia y Puntos Constitucionales y de Protecci\u00f3n Civil la Iniciativa con Proyecto de Decreto que reforma&hellip;<\/p>\n","protected":false},"author":1,"featured_media":4172,"comment_status":"open","ping_status":"closed","sticky":false,"template":"","format":"standard","meta":{"footnotes":""},"categories":[71],"tags":[],"class_list":["post-4171","post","type-post","status-publish","format-standard","has-post-thumbnail","hentry","category-estatal"],"magazineBlocksPostFeaturedMedia":{"thumbnail":"https:\/\/vocesdeveracruz.com.mx\/wp-content\/uploads\/2025\/10\/NOV15OCT2025INDIRA1-150x150.jpg","medium":"https:\/\/vocesdeveracruz.com.mx\/wp-content\/uploads\/2025\/10\/NOV15OCT2025INDIRA1-300x200.jpg","medium_large":"https:\/\/vocesdeveracruz.com.mx\/wp-content\/uploads\/2025\/10\/NOV15OCT2025INDIRA1-768x512.jpg","large":"https:\/\/vocesdeveracruz.com.mx\/wp-content\/uploads\/2025\/10\/NOV15OCT2025INDIRA1-1024x683.jpg","1536x1536":"https:\/\/vocesdeveracruz.com.mx\/wp-content\/uploads\/2025\/10\/NOV15OCT2025INDIRA1.jpg","2048x2048":"https:\/\/vocesdeveracruz.com.mx\/wp-content\/uploads\/2025\/10\/NOV15OCT2025INDIRA1.jpg"},"magazineBlocksPostAuthor":{"name":"admin","avatar":"https:\/\/secure.gravatar.com\/avatar\/9d5013f9042ef2dfeb4122e9609da41e1858252ad644b84f2ec3a64ab59cceaf?s=96&d=mm&r=g"},"magazineBlocksPostCommentsNumber":"0","magazineBlocksPostExcerpt":"La Mesa Directiva de la LXVII Legislatura turn\u00f3 a las Comisiones Permanentes Unidas de Justicia y Puntos Constitucionales y de Protecci\u00f3n Civil la Iniciativa con Proyecto de Decreto que reforma&hellip;","magazineBlocksPostCategories":["ESTATAL"],"magazineBlocksPostViewCount":70,"magazineBlocksPostReadTime":2,"magazine_blocks_featured_image_url":{"full":["https:\/\/vocesdeveracruz.com.mx\/wp-content\/uploads\/2025\/10\/NOV15OCT2025INDIRA1.jpg",1280,854,false],"medium":["https:\/\/vocesdeveracruz.com.mx\/wp-content\/uploads\/2025\/10\/NOV15OCT2025INDIRA1-300x200.jpg",300,200,true],"thumbnail":["https:\/\/vocesdeveracruz.com.mx\/wp-content\/uploads\/2025\/10\/NOV15OCT2025INDIRA1-150x150.jpg",150,150,true]},"magazine_blocks_author":{"display_name":"admin","author_link":"https:\/\/vocesdeveracruz.com.mx\/?author=1"},"magazine_blocks_comment":0,"magazine_blocks_author_image":"https:\/\/secure.gravatar.com\/avatar\/9d5013f9042ef2dfeb4122e9609da41e1858252ad644b84f2ec3a64ab59cceaf?s=96&d=mm&r=g","magazine_blocks_category":"<a href=\"https:\/\/vocesdeveracruz.com.mx\/?cat=71\" rel=\"category\">ESTATAL<\/a>","_links":{"self":[{"href":"https:\/\/vocesdeveracruz.com.mx\/index.php?rest_route=\/wp\/v2\/posts\/4171","targetHints":{"allow":["GET"]}}],"collection":[{"href":"https:\/\/vocesdeveracruz.com.mx\/index.php?rest_route=\/wp\/v2\/posts"}],"about":[{"href":"https:\/\/vocesdeveracruz.com.mx\/index.php?rest_route=\/wp\/v2\/types\/post"}],"author":[{"embeddable":true,"href":"https:\/\/vocesdeveracruz.com.mx\/index.php?rest_route=\/wp\/v2\/users\/1"}],"replies":[{"embeddable":true,"href":"https:\/\/vocesdeveracruz.com.mx\/index.php?rest_route=%2Fwp%2Fv2%2Fcomments&post=4171"}],"version-history":[{"count":1,"href":"https:\/\/vocesdeveracruz.com.mx\/index.php?rest_route=\/wp\/v2\/posts\/4171\/revisions"}],"predecessor-version":[{"id":4173,"href":"https:\/\/vocesdeveracruz.com.mx\/index.php?rest_route=\/wp\/v2\/posts\/4171\/revisions\/4173"}],"wp:featuredmedia":[{"embeddable":true,"href":"https:\/\/vocesdeveracruz.com.mx\/index.php?rest_route=\/wp\/v2\/media\/4172"}],"wp:attachment":[{"href":"https:\/\/vocesdeveracruz.com.mx\/index.php?rest_route=%2Fwp%2Fv2%2Fmedia&parent=4171"}],"wp:term":[{"taxonomy":"category","embeddable":true,"href":"https:\/\/vocesdeveracruz.com.mx\/index.php?rest_route=%2Fwp%2Fv2%2Fcategories&post=4171"},{"taxonomy":"post_tag","embeddable":true,"href":"https:\/\/vocesdeveracruz.com.mx\/index.php?rest_route=%2Fwp%2Fv2%2Ftags&post=4171"}],"curies":[{"name":"wp","href":"https:\/\/api.w.org\/{rel}","templated":true}]}}