{"id":4168,"date":"2025-10-15T22:24:53","date_gmt":"2025-10-16T04:24:53","guid":{"rendered":"https:\/\/vocesdeveracruz.com.mx\/?p=4168"},"modified":"2025-10-15T22:24:53","modified_gmt":"2025-10-16T04:24:53","slug":"donan-diputadas-y-diputados-un-mes-de-salario-a-damnificados","status":"publish","type":"post","link":"https:\/\/vocesdeveracruz.com.mx\/?p=4168","title":{"rendered":"Donan diputadas y diputados un mes de salario a damnificados"},"content":{"rendered":"\n<p>Los coordinadores de los Grupos Legislativos de Morena, Partido Verde Ecologista de M\u00e9xico (PVEM) y Partido Acci\u00f3n Nacional (PAN), la presidenta de la Mesa Directiva, diputada Naomi Edith G\u00f3mez Santos, y los diputados del Partido del Trabajo (PT) y de Movimiento Ciudadano (MC), anunciaron en conferencia de prensa el Acuerdo para donar un mes de salario de cada diputada o diputado integrante de la LXVII Legislatura, en un acto de unidad y solidaridad con las personas afectadas por las inundaciones registradas en el norte de Veracruz.<\/p>\n\n\n\n<p>En primer t\u00e9rmino, el legislador Esteban Bautista Hern\u00e1ndez, presidente de la Junta de Coordinaci\u00f3n Pol\u00edtica (Jucopo) expres\u00f3 que, con motivo de la contingencia que da\u00f1\u00f3 mayormente en Poza Rica, \u00c1lamo y Cazones de Herrera, se consider\u00f3 de suma importancia que este Congreso destine recursos econ\u00f3micos a la adquisici\u00f3n de insumos para las familias y personas que se encuentran en una situaci\u00f3n emergente que reclama con urgencia el respaldo de sus representantes.<\/p>\n\n\n\n<p>Agreg\u00f3 que, tras analizar los da\u00f1os y tomando como ejemplo la solidaridad y empat\u00eda del pueblo de Veracruz que se ha volcado en apoyar a las y los ciudadanos perjudicados, esta Legislatura har\u00e1 lo propio, una vez logrado el Acuerdo de las diversas fuerzas pol\u00edticas representadas en esta Soberan\u00eda para destinar de manera \u00edntegra lo equivalente a un mes de salario de cada diputada y diputado.<\/p>\n\n\n\n<p>Signaron el Acuerdo los diputados y diputada coordinadores de las bancadas de Morena, Esteban Bautista Hern\u00e1ndez; del PVEM, Carlos Marcelo Ruiz S\u00e1nchez; del PAN, Enrique Cambranis Torres; Mixto Veracruz nos Une, Montserrat Ortega Ruiz, as\u00ed como los legisladores del PT, Ram\u00f3n D\u00edaz \u00c1vila y de MC, Adri\u00e1n Sigfrido \u00c1vila Estrada.<\/p>\n\n\n\n<p>El Acuerdo para la donaci\u00f3n de un mes de salario est\u00e1 enlistado en el Orden del D\u00eda de la Sexta Sesi\u00f3n Ordinaria y se prev\u00e9 una votaci\u00f3n mayoritaria por parte del Pleno.<\/p>\n","protected":false},"excerpt":{"rendered":"<p>Los coordinadores de los Grupos Legislativos de Morena, Partido Verde Ecologista de M\u00e9xico (PVEM) y Partido Acci\u00f3n Nacional (PAN), la presidenta de la Mesa Directiva, diputada Naomi Edith G\u00f3mez Santos,&hellip;<\/p>\n","protected":false},"author":1,"featured_media":4169,"comment_status":"open","ping_status":"closed","sticky":false,"template":"","format":"standard","meta":{"footnotes":""},"categories":[71],"tags":[],"class_list":["post-4168","post","type-post","status-publish","format-standard","has-post-thumbnail","hentry","category-estatal"],"magazineBlocksPostFeaturedMedia":{"thumbnail":"https:\/\/vocesdeveracruz.com.mx\/wp-content\/uploads\/2025\/10\/NOV15OCT2025DONA.1-150x150.jpg","medium":"https:\/\/vocesdeveracruz.com.mx\/wp-content\/uploads\/2025\/10\/NOV15OCT2025DONA.1-300x200.jpg","medium_large":"https:\/\/vocesdeveracruz.com.mx\/wp-content\/uploads\/2025\/10\/NOV15OCT2025DONA.1-768x511.jpg","large":"https:\/\/vocesdeveracruz.com.mx\/wp-content\/uploads\/2025\/10\/NOV15OCT2025DONA.1-1024x681.jpg","1536x1536":"https:\/\/vocesdeveracruz.com.mx\/wp-content\/uploads\/2025\/10\/NOV15OCT2025DONA.1-1536x1021.jpg","2048x2048":"https:\/\/vocesdeveracruz.com.mx\/wp-content\/uploads\/2025\/10\/NOV15OCT2025DONA.1.jpg"},"magazineBlocksPostAuthor":{"name":"admin","avatar":"https:\/\/secure.gravatar.com\/avatar\/9d5013f9042ef2dfeb4122e9609da41e1858252ad644b84f2ec3a64ab59cceaf?s=96&d=mm&r=g"},"magazineBlocksPostCommentsNumber":"0","magazineBlocksPostExcerpt":"Los coordinadores de los Grupos Legislativos de Morena, Partido Verde Ecologista de M\u00e9xico (PVEM) y Partido Acci\u00f3n Nacional (PAN), la presidenta de la Mesa Directiva, diputada Naomi Edith G\u00f3mez Santos,&hellip;","magazineBlocksPostCategories":["ESTATAL"],"magazineBlocksPostViewCount":105,"magazineBlocksPostReadTime":2,"magazine_blocks_featured_image_url":{"full":["https:\/\/vocesdeveracruz.com.mx\/wp-content\/uploads\/2025\/10\/NOV15OCT2025DONA.1.jpg",1600,1064,false],"medium":["https:\/\/vocesdeveracruz.com.mx\/wp-content\/uploads\/2025\/10\/NOV15OCT2025DONA.1-300x200.jpg",300,200,true],"thumbnail":["https:\/\/vocesdeveracruz.com.mx\/wp-content\/uploads\/2025\/10\/NOV15OCT2025DONA.1-150x150.jpg",150,150,true]},"magazine_blocks_author":{"display_name":"admin","author_link":"https:\/\/vocesdeveracruz.com.mx\/?author=1"},"magazine_blocks_comment":0,"magazine_blocks_author_image":"https:\/\/secure.gravatar.com\/avatar\/9d5013f9042ef2dfeb4122e9609da41e1858252ad644b84f2ec3a64ab59cceaf?s=96&d=mm&r=g","magazine_blocks_category":"<a href=\"https:\/\/vocesdeveracruz.com.mx\/?cat=71\" rel=\"category\">ESTATAL<\/a>","_links":{"self":[{"href":"https:\/\/vocesdeveracruz.com.mx\/index.php?rest_route=\/wp\/v2\/posts\/4168","targetHints":{"allow":["GET"]}}],"collection":[{"href":"https:\/\/vocesdeveracruz.com.mx\/index.php?rest_route=\/wp\/v2\/posts"}],"about":[{"href":"https:\/\/vocesdeveracruz.com.mx\/index.php?rest_route=\/wp\/v2\/types\/post"}],"author":[{"embeddable":true,"href":"https:\/\/vocesdeveracruz.com.mx\/index.php?rest_route=\/wp\/v2\/users\/1"}],"replies":[{"embeddable":true,"href":"https:\/\/vocesdeveracruz.com.mx\/index.php?rest_route=%2Fwp%2Fv2%2Fcomments&post=4168"}],"version-history":[{"count":1,"href":"https:\/\/vocesdeveracruz.com.mx\/index.php?rest_route=\/wp\/v2\/posts\/4168\/revisions"}],"predecessor-version":[{"id":4170,"href":"https:\/\/vocesdeveracruz.com.mx\/index.php?rest_route=\/wp\/v2\/posts\/4168\/revisions\/4170"}],"wp:featuredmedia":[{"embeddable":true,"href":"https:\/\/vocesdeveracruz.com.mx\/index.php?rest_route=\/wp\/v2\/media\/4169"}],"wp:attachment":[{"href":"https:\/\/vocesdeveracruz.com.mx\/index.php?rest_route=%2Fwp%2Fv2%2Fmedia&parent=4168"}],"wp:term":[{"taxonomy":"category","embeddable":true,"href":"https:\/\/vocesdeveracruz.com.mx\/index.php?rest_route=%2Fwp%2Fv2%2Fcategories&post=4168"},{"taxonomy":"post_tag","embeddable":true,"href":"https:\/\/vocesdeveracruz.com.mx\/index.php?rest_route=%2Fwp%2Fv2%2Ftags&post=4168"}],"curies":[{"name":"wp","href":"https:\/\/api.w.org\/{rel}","templated":true}]}}