{"id":4143,"date":"2025-10-13T23:00:14","date_gmt":"2025-10-14T05:00:14","guid":{"rendered":"https:\/\/vocesdeveracruz.com.mx\/?p=4143"},"modified":"2025-10-13T23:00:14","modified_gmt":"2025-10-14T05:00:14","slug":"%f0%9d%97%a6%f0%9d%98%82%f0%9d%98%80%f0%9d%97%bd%f0%9d%97%b2%f0%9d%97%bb%f0%9d%97%b1%f0%9d%97%b2%f0%9d%97%bb-%f0%9d%98%81%f0%9d%97%b2%f0%9d%97%ba%f0%9d%97%bd%f0%9d%97%bc%f0%9d%97%bf%f0%9d%97%ae","status":"publish","type":"post","link":"https:\/\/vocesdeveracruz.com.mx\/?p=4143","title":{"rendered":"\ud835\udde6\ud835\ude02\ud835\ude00\ud835\uddfd\ud835\uddf2\ud835\uddfb\ud835\uddf1\ud835\uddf2\ud835\uddfb \ud835\ude01\ud835\uddf2\ud835\uddfa\ud835\uddfd\ud835\uddfc\ud835\uddff\ud835\uddee\ud835\uddf9\ud835\uddfa\ud835\uddf2\ud835\uddfb\ud835\ude01\ud835\uddf2 \ud835\ude00\ud835\uddf2\ud835\uddff\ud835\ude03\ud835\uddf6\ud835\uddf0\ud835\uddf6\ud835\uddfc\ud835\ude00 \ud835\uddf2\ud835\uddfb \ud835\udde2\ud835\uddf3\ud835\uddf6\ud835\uddf0\ud835\uddf6\ud835\uddfb\ud835\uddee\ud835\ude00 \ud835\uddf1\ud835\uddf2 \ud835\udddb\ud835\uddee\ud835\uddf0\ud835\uddf6\ud835\uddf2\ud835\uddfb\ud835\uddf1\ud835\uddee \ud835\uddf1\ud835\uddf2\ud835\uddf9 \ud835\uddd8\ud835\ude00\ud835\ude01\ud835\uddee\ud835\uddf1\ud835\uddfc"},"content":{"rendered":"\n<p><\/p>\n\n\n\n<p>El gobierno del estado emiti\u00f3 el siguiente aviso en el cual las Oficinas de Hacienda del Estado suspender\u00e1n temporalmente sus servicios, los cuales se reanudar\u00e1n en tanto las condiciones lo permitan y ser\u00e1 informado a trav\u00e9s de los canales oficiales.<\/p>\n\n\n\n<figure class=\"wp-block-image size-large\"><img loading=\"lazy\" decoding=\"async\" width=\"819\" height=\"1024\" src=\"https:\/\/vocesdeveracruz.com.mx\/wp-content\/uploads\/2025\/10\/55618-819x1024.jpg\" alt=\"\" class=\"wp-image-4145\" srcset=\"https:\/\/vocesdeveracruz.com.mx\/wp-content\/uploads\/2025\/10\/55618-819x1024.jpg 819w, https:\/\/vocesdeveracruz.com.mx\/wp-content\/uploads\/2025\/10\/55618-240x300.jpg 240w, https:\/\/vocesdeveracruz.com.mx\/wp-content\/uploads\/2025\/10\/55618-768x960.jpg 768w, https:\/\/vocesdeveracruz.com.mx\/wp-content\/uploads\/2025\/10\/55618-1229x1536.jpg 1229w, https:\/\/vocesdeveracruz.com.mx\/wp-content\/uploads\/2025\/10\/55618.jpg 1638w\" sizes=\"auto, (max-width: 819px) 100vw, 819px\" \/><\/figure>\n","protected":false},"excerpt":{"rendered":"<p>El gobierno del estado emiti\u00f3 el siguiente aviso en el cual las Oficinas de Hacienda del Estado suspender\u00e1n temporalmente sus servicios, los cuales se reanudar\u00e1n en tanto las condiciones lo&hellip;<\/p>\n","protected":false},"author":1,"featured_media":4144,"comment_status":"open","ping_status":"closed","sticky":false,"template":"","format":"standard","meta":{"footnotes":""},"categories":[71,72],"tags":[],"class_list":["post-4143","post","type-post","status-publish","format-standard","has-post-thumbnail","hentry","category-estatal","category-local"],"magazineBlocksPostFeaturedMedia":{"thumbnail":"https:\/\/vocesdeveracruz.com.mx\/wp-content\/uploads\/2025\/10\/images-2-150x150.jpeg","medium":"https:\/\/vocesdeveracruz.com.mx\/wp-content\/uploads\/2025\/10\/images-2-300x225.jpeg","medium_large":"https:\/\/vocesdeveracruz.com.mx\/wp-content\/uploads\/2025\/10\/images-2.jpeg","large":"https:\/\/vocesdeveracruz.com.mx\/wp-content\/uploads\/2025\/10\/images-2.jpeg","1536x1536":"https:\/\/vocesdeveracruz.com.mx\/wp-content\/uploads\/2025\/10\/images-2.jpeg","2048x2048":"https:\/\/vocesdeveracruz.com.mx\/wp-content\/uploads\/2025\/10\/images-2.jpeg"},"magazineBlocksPostAuthor":{"name":"admin","avatar":"https:\/\/secure.gravatar.com\/avatar\/9d5013f9042ef2dfeb4122e9609da41e1858252ad644b84f2ec3a64ab59cceaf?s=96&d=mm&r=g"},"magazineBlocksPostCommentsNumber":"0","magazineBlocksPostExcerpt":"El gobierno del estado emiti\u00f3 el siguiente aviso en el cual las Oficinas de Hacienda del Estado suspender\u00e1n temporalmente sus servicios, los cuales se reanudar\u00e1n en tanto las condiciones lo&hellip;","magazineBlocksPostCategories":["ESTATAL","LOCAL"],"magazineBlocksPostViewCount":75,"magazineBlocksPostReadTime":1,"magazine_blocks_featured_image_url":{"full":["https:\/\/vocesdeveracruz.com.mx\/wp-content\/uploads\/2025\/10\/images-2.jpeg",640,480,false],"medium":["https:\/\/vocesdeveracruz.com.mx\/wp-content\/uploads\/2025\/10\/images-2-300x225.jpeg",300,225,true],"thumbnail":["https:\/\/vocesdeveracruz.com.mx\/wp-content\/uploads\/2025\/10\/images-2-150x150.jpeg",150,150,true]},"magazine_blocks_author":{"display_name":"admin","author_link":"https:\/\/vocesdeveracruz.com.mx\/?author=1"},"magazine_blocks_comment":0,"magazine_blocks_author_image":"https:\/\/secure.gravatar.com\/avatar\/9d5013f9042ef2dfeb4122e9609da41e1858252ad644b84f2ec3a64ab59cceaf?s=96&d=mm&r=g","magazine_blocks_category":"<a href=\"https:\/\/vocesdeveracruz.com.mx\/?cat=71\" rel=\"category\">ESTATAL<\/a> <a href=\"https:\/\/vocesdeveracruz.com.mx\/?cat=72\" rel=\"category\">LOCAL<\/a>","_links":{"self":[{"href":"https:\/\/vocesdeveracruz.com.mx\/index.php?rest_route=\/wp\/v2\/posts\/4143","targetHints":{"allow":["GET"]}}],"collection":[{"href":"https:\/\/vocesdeveracruz.com.mx\/index.php?rest_route=\/wp\/v2\/posts"}],"about":[{"href":"https:\/\/vocesdeveracruz.com.mx\/index.php?rest_route=\/wp\/v2\/types\/post"}],"author":[{"embeddable":true,"href":"https:\/\/vocesdeveracruz.com.mx\/index.php?rest_route=\/wp\/v2\/users\/1"}],"replies":[{"embeddable":true,"href":"https:\/\/vocesdeveracruz.com.mx\/index.php?rest_route=%2Fwp%2Fv2%2Fcomments&post=4143"}],"version-history":[{"count":1,"href":"https:\/\/vocesdeveracruz.com.mx\/index.php?rest_route=\/wp\/v2\/posts\/4143\/revisions"}],"predecessor-version":[{"id":4146,"href":"https:\/\/vocesdeveracruz.com.mx\/index.php?rest_route=\/wp\/v2\/posts\/4143\/revisions\/4146"}],"wp:featuredmedia":[{"embeddable":true,"href":"https:\/\/vocesdeveracruz.com.mx\/index.php?rest_route=\/wp\/v2\/media\/4144"}],"wp:attachment":[{"href":"https:\/\/vocesdeveracruz.com.mx\/index.php?rest_route=%2Fwp%2Fv2%2Fmedia&parent=4143"}],"wp:term":[{"taxonomy":"category","embeddable":true,"href":"https:\/\/vocesdeveracruz.com.mx\/index.php?rest_route=%2Fwp%2Fv2%2Fcategories&post=4143"},{"taxonomy":"post_tag","embeddable":true,"href":"https:\/\/vocesdeveracruz.com.mx\/index.php?rest_route=%2Fwp%2Fv2%2Ftags&post=4143"}],"curies":[{"name":"wp","href":"https:\/\/api.w.org\/{rel}","templated":true}]}}