{"id":4133,"date":"2025-10-13T22:56:57","date_gmt":"2025-10-14T04:56:57","guid":{"rendered":"https:\/\/vocesdeveracruz.com.mx\/?p=4133"},"modified":"2025-10-13T22:56:57","modified_gmt":"2025-10-14T04:56:57","slug":"%f0%9d%97%a5%f0%9d%97%94%f0%9d%97%a3%f0%9d%97%94-%f0%9d%97%b0%f0%9d%97%bc%f0%9d%97%bb%f0%9d%98%81%f0%9d%97%b6%f0%9d%97%bbu%f0%9d%97%ae-%f0%9d%97%b3%f0%9d%97%b6%f0%9d%97%bf%f0%9d%97%ba%f0%9d%97%b2","status":"publish","type":"post","link":"https:\/\/vocesdeveracruz.com.mx\/?p=4133","title":{"rendered":"\ud835\udde5\ud835\uddd4\ud835\udde3\ud835\uddd4 \ud835\uddf0\ud835\uddfc\ud835\uddfb\ud835\ude01\ud835\uddf6\ud835\uddfb\u00fa\ud835\uddee \ud835\uddf3\ud835\uddf6\ud835\uddff\ud835\uddfa\ud835\uddf2 \ud835\uddee\ud835\uddfd\ud835\uddfc\ud835\ude06\ud835\uddee\ud835\uddfb\ud835\uddf1\ud835\uddfc \ud835\uddee \ud835\uddf3\ud835\uddee\ud835\uddfa\ud835\uddf6\ud835\uddf9\ud835\uddf6\ud835\uddee\ud835\ude00 \ud835\uddee\ud835\uddf3\ud835\uddf2\ud835\uddf0\ud835\ude01\ud835\uddee\ud835\uddf1\ud835\uddee\ud835\ude00 \ud835\uddfd\ud835\uddfc\ud835\uddff \ud835\uddf9\ud835\uddee\ud835\ude00 \ud835\uddf6\ud835\uddfb\ud835\ude02\ud835\uddfb\ud835\uddf1\ud835\uddee\ud835\uddf0\ud835\uddf6\ud835\uddfc\ud835\uddfb\ud835\uddf2\ud835\ude00"},"content":{"rendered":"\n<p>P\u00e1nuco, Ver.- El grupo de RAPA contin\u00faa apoyando activamente en las labores de auxilio durante la actual contingencia que enfrenta la zona. Sus integrantes han participado en el traslado de personas hacia lugares seguras, as\u00ed como en la evacuaci\u00f3n de familias que habitan en zonas bajas, junto con sus pertenencias, para salvaguardar su integridad, as\u00ed como el apoyo en traslado de despensas por autoridades.<\/p>\n\n\n\n<p>\u201cSeguimos firmes, trabajando d\u00eda y noche por nuestra gente\u201d, expres\u00f3 el grupo, reafirmando su compromiso solidario con las familias afectadas.<\/p>\n\n\n\n<figure class=\"wp-block-image size-large\"><img loading=\"lazy\" decoding=\"async\" width=\"768\" height=\"1024\" src=\"https:\/\/vocesdeveracruz.com.mx\/wp-content\/uploads\/2025\/10\/55555-768x1024.jpg\" alt=\"\" class=\"wp-image-4135\" srcset=\"https:\/\/vocesdeveracruz.com.mx\/wp-content\/uploads\/2025\/10\/55555-768x1024.jpg 768w, https:\/\/vocesdeveracruz.com.mx\/wp-content\/uploads\/2025\/10\/55555-225x300.jpg 225w, https:\/\/vocesdeveracruz.com.mx\/wp-content\/uploads\/2025\/10\/55555-1152x1536.jpg 1152w, https:\/\/vocesdeveracruz.com.mx\/wp-content\/uploads\/2025\/10\/55555.jpg 1200w\" sizes=\"auto, (max-width: 768px) 100vw, 768px\" \/><\/figure>\n\n\n\n<figure class=\"wp-block-image size-large\"><img loading=\"lazy\" decoding=\"async\" width=\"768\" height=\"1024\" src=\"https:\/\/vocesdeveracruz.com.mx\/wp-content\/uploads\/2025\/10\/55556-768x1024.jpg\" alt=\"\" class=\"wp-image-4136\" srcset=\"https:\/\/vocesdeveracruz.com.mx\/wp-content\/uploads\/2025\/10\/55556-768x1024.jpg 768w, https:\/\/vocesdeveracruz.com.mx\/wp-content\/uploads\/2025\/10\/55556-225x300.jpg 225w, https:\/\/vocesdeveracruz.com.mx\/wp-content\/uploads\/2025\/10\/55556-1152x1536.jpg 1152w, https:\/\/vocesdeveracruz.com.mx\/wp-content\/uploads\/2025\/10\/55556.jpg 1200w\" sizes=\"auto, (max-width: 768px) 100vw, 768px\" \/><\/figure>\n","protected":false},"excerpt":{"rendered":"<p>P\u00e1nuco, Ver.- El grupo de RAPA contin\u00faa apoyando activamente en las labores de auxilio durante la actual contingencia que enfrenta la zona. Sus integrantes han participado en el traslado de&hellip;<\/p>\n","protected":false},"author":1,"featured_media":4134,"comment_status":"open","ping_status":"closed","sticky":false,"template":"","format":"standard","meta":{"footnotes":""},"categories":[72],"tags":[],"class_list":["post-4133","post","type-post","status-publish","format-standard","has-post-thumbnail","hentry","category-local"],"magazineBlocksPostFeaturedMedia":{"thumbnail":"https:\/\/vocesdeveracruz.com.mx\/wp-content\/uploads\/2025\/10\/FB_IMG_1760412096491-150x150.jpg","medium":"https:\/\/vocesdeveracruz.com.mx\/wp-content\/uploads\/2025\/10\/FB_IMG_1760412096491-300x225.jpg","medium_large":"https:\/\/vocesdeveracruz.com.mx\/wp-content\/uploads\/2025\/10\/FB_IMG_1760412096491-768x576.jpg","large":"https:\/\/vocesdeveracruz.com.mx\/wp-content\/uploads\/2025\/10\/FB_IMG_1760412096491-1024x768.jpg","1536x1536":"https:\/\/vocesdeveracruz.com.mx\/wp-content\/uploads\/2025\/10\/FB_IMG_1760412096491-1536x1152.jpg","2048x2048":"https:\/\/vocesdeveracruz.com.mx\/wp-content\/uploads\/2025\/10\/FB_IMG_1760412096491.jpg"},"magazineBlocksPostAuthor":{"name":"admin","avatar":"https:\/\/secure.gravatar.com\/avatar\/9d5013f9042ef2dfeb4122e9609da41e1858252ad644b84f2ec3a64ab59cceaf?s=96&d=mm&r=g"},"magazineBlocksPostCommentsNumber":"0","magazineBlocksPostExcerpt":"P\u00e1nuco, Ver.- El grupo de RAPA contin\u00faa apoyando activamente en las labores de auxilio durante la actual contingencia que enfrenta la zona. Sus integrantes han participado en el traslado de&hellip;","magazineBlocksPostCategories":["LOCAL"],"magazineBlocksPostViewCount":97,"magazineBlocksPostReadTime":1,"magazine_blocks_featured_image_url":{"full":["https:\/\/vocesdeveracruz.com.mx\/wp-content\/uploads\/2025\/10\/FB_IMG_1760412096491.jpg",1600,1200,false],"medium":["https:\/\/vocesdeveracruz.com.mx\/wp-content\/uploads\/2025\/10\/FB_IMG_1760412096491-300x225.jpg",300,225,true],"thumbnail":["https:\/\/vocesdeveracruz.com.mx\/wp-content\/uploads\/2025\/10\/FB_IMG_1760412096491-150x150.jpg",150,150,true]},"magazine_blocks_author":{"display_name":"admin","author_link":"https:\/\/vocesdeveracruz.com.mx\/?author=1"},"magazine_blocks_comment":0,"magazine_blocks_author_image":"https:\/\/secure.gravatar.com\/avatar\/9d5013f9042ef2dfeb4122e9609da41e1858252ad644b84f2ec3a64ab59cceaf?s=96&d=mm&r=g","magazine_blocks_category":"<a href=\"https:\/\/vocesdeveracruz.com.mx\/?cat=72\" rel=\"category\">LOCAL<\/a>","_links":{"self":[{"href":"https:\/\/vocesdeveracruz.com.mx\/index.php?rest_route=\/wp\/v2\/posts\/4133","targetHints":{"allow":["GET"]}}],"collection":[{"href":"https:\/\/vocesdeveracruz.com.mx\/index.php?rest_route=\/wp\/v2\/posts"}],"about":[{"href":"https:\/\/vocesdeveracruz.com.mx\/index.php?rest_route=\/wp\/v2\/types\/post"}],"author":[{"embeddable":true,"href":"https:\/\/vocesdeveracruz.com.mx\/index.php?rest_route=\/wp\/v2\/users\/1"}],"replies":[{"embeddable":true,"href":"https:\/\/vocesdeveracruz.com.mx\/index.php?rest_route=%2Fwp%2Fv2%2Fcomments&post=4133"}],"version-history":[{"count":1,"href":"https:\/\/vocesdeveracruz.com.mx\/index.php?rest_route=\/wp\/v2\/posts\/4133\/revisions"}],"predecessor-version":[{"id":4137,"href":"https:\/\/vocesdeveracruz.com.mx\/index.php?rest_route=\/wp\/v2\/posts\/4133\/revisions\/4137"}],"wp:featuredmedia":[{"embeddable":true,"href":"https:\/\/vocesdeveracruz.com.mx\/index.php?rest_route=\/wp\/v2\/media\/4134"}],"wp:attachment":[{"href":"https:\/\/vocesdeveracruz.com.mx\/index.php?rest_route=%2Fwp%2Fv2%2Fmedia&parent=4133"}],"wp:term":[{"taxonomy":"category","embeddable":true,"href":"https:\/\/vocesdeveracruz.com.mx\/index.php?rest_route=%2Fwp%2Fv2%2Fcategories&post=4133"},{"taxonomy":"post_tag","embeddable":true,"href":"https:\/\/vocesdeveracruz.com.mx\/index.php?rest_route=%2Fwp%2Fv2%2Ftags&post=4133"}],"curies":[{"name":"wp","href":"https:\/\/api.w.org\/{rel}","templated":true}]}}