{"id":4129,"date":"2025-10-11T22:13:39","date_gmt":"2025-10-12T04:13:39","guid":{"rendered":"https:\/\/vocesdeveracruz.com.mx\/?p=4129"},"modified":"2025-10-11T22:13:39","modified_gmt":"2025-10-12T04:13:39","slug":"alcalde-de-panuco-anuncia-el-reforzamiento-provisional-del-bordo-en-sesion-del-consejo-de-proteccion-civil-municipal","status":"publish","type":"post","link":"https:\/\/vocesdeveracruz.com.mx\/?p=4129","title":{"rendered":"Alcalde de P\u00e1nuco anuncia el reforzamiento provisional del bordo en sesi\u00f3n del consejo de protecci\u00f3n civil municipal"},"content":{"rendered":"\n<p><\/p>\n\n\n\n<p><\/p>\n\n\n\n<p><\/p>\n\n\n\n<p><\/p>\n\n\n\n<p>P\u00e1nuco, veracruz. &#8211; Durante la sesi\u00f3n del Consejo municipal de Protecci\u00f3n civil, el alcalde de P\u00e1nuco present\u00f3 los avances en materia de prevenci\u00f3n ante las lluvias que se presentaron en la zona y el incremento del nivel del r\u00edo P\u00e1nuco.<\/p>\n\n\n\n<p>En la sesi\u00f3n estuvo acompa\u00f1ado de las dependencias de emergencia, la CONAGUA y un grupo de ciudadanos que estar\u00e1n a cargo del comit\u00e9 de vigilancia para la obra anunciada, la cual consta de el reforzamiento provisional del bordo de contenci\u00f3n, la cual ser\u00e1 hecha con recursos municipales debido a que el bordo tiene un seguro ante cualquier situaci\u00f3n, sin embargo por los tiempos fue la misma dependencia federal quien autoriz\u00f3 que el gobierno municipal pudiera llevar a cabo su ejecuci\u00f3n, estos trabajos estar\u00e1n bajo la supervisi\u00f3n y lineamientos de la CONAGUA que dirige el ing. Jaime Gudi\u00f1o director regi\u00f3n golfo &#8211; norte. Ademas el alcalde pidi\u00f3 a la sociedad no caer en informaci\u00f3n falsa de p\u00e1ginas que buscan peotagonismo al mencionar que romperan el bordo, siendo totalmente falso, pidi\u00f3 estar atentos a trav\u00e9s de p\u00e1ginas oficiales y medios de comunicaci\u00f3n.<\/p>\n\n\n\n<p>Cabe destacar la participaci\u00f3n ciudadana ya que el sr Higinio Borjon Richard ser\u00e1 el presidente del comit\u00e9 de vigilancia asi como se le agradeci\u00f3 p\u00fablicamente al se\u00f1or Rom\u00e1n Cartagena ya que donar\u00e1 parte de su terreno para la elaboraci\u00f3n de la obra. Cabe hacer menci\u00f3n que posterior al reforzamiento provisional, ser\u00e1 la misma dependencia federal CONAGUA quien haga valer el seguro del bordo para que pueda ser rehabilitado.<\/p>\n\n\n\n<figure class=\"wp-block-image size-large\"><img loading=\"lazy\" decoding=\"async\" width=\"1024\" height=\"768\" src=\"https:\/\/vocesdeveracruz.com.mx\/wp-content\/uploads\/2025\/10\/53847-1024x768.jpg\" alt=\"\" class=\"wp-image-4131\" srcset=\"https:\/\/vocesdeveracruz.com.mx\/wp-content\/uploads\/2025\/10\/53847-1024x768.jpg 1024w, https:\/\/vocesdeveracruz.com.mx\/wp-content\/uploads\/2025\/10\/53847-300x225.jpg 300w, https:\/\/vocesdeveracruz.com.mx\/wp-content\/uploads\/2025\/10\/53847-768x576.jpg 768w, https:\/\/vocesdeveracruz.com.mx\/wp-content\/uploads\/2025\/10\/53847-1536x1152.jpg 1536w, https:\/\/vocesdeveracruz.com.mx\/wp-content\/uploads\/2025\/10\/53847.jpg 2048w\" sizes=\"auto, (max-width: 1024px) 100vw, 1024px\" \/><\/figure>\n\n\n\n<p>Por otra parte el alcalde Oscar Guzm\u00e1n de Paz anunci\u00f3 que se est\u00e1n atendiendo los albergues a trav\u00e9s del sistema DIF municipal, se puso a disposici\u00f3n un comando de atenci\u00f3n de protecci\u00f3n civil en el parque principal Desiderio Pav\u00f3n para atender a la ciudadan\u00eda, se han realizado tambi\u00e9n el traslado de familias y muebles as\u00ed como mascotas a los albergues destinados para las familias de las colonias vulnerables.<\/p>\n","protected":false},"excerpt":{"rendered":"<p>P\u00e1nuco, veracruz. &#8211; Durante la sesi\u00f3n del Consejo municipal de Protecci\u00f3n civil, el alcalde de P\u00e1nuco present\u00f3 los avances en materia de prevenci\u00f3n ante las lluvias que se presentaron en&hellip;<\/p>\n","protected":false},"author":1,"featured_media":4130,"comment_status":"open","ping_status":"closed","sticky":false,"template":"","format":"standard","meta":{"footnotes":""},"categories":[72],"tags":[],"class_list":["post-4129","post","type-post","status-publish","format-standard","has-post-thumbnail","hentry","category-local"],"magazineBlocksPostFeaturedMedia":{"thumbnail":"https:\/\/vocesdeveracruz.com.mx\/wp-content\/uploads\/2025\/10\/IMG-20251011-WA0102-150x150.jpg","medium":"https:\/\/vocesdeveracruz.com.mx\/wp-content\/uploads\/2025\/10\/IMG-20251011-WA0102-300x225.jpg","medium_large":"https:\/\/vocesdeveracruz.com.mx\/wp-content\/uploads\/2025\/10\/IMG-20251011-WA0102-768x576.jpg","large":"https:\/\/vocesdeveracruz.com.mx\/wp-content\/uploads\/2025\/10\/IMG-20251011-WA0102-1024x768.jpg","1536x1536":"https:\/\/vocesdeveracruz.com.mx\/wp-content\/uploads\/2025\/10\/IMG-20251011-WA0102-1536x1152.jpg","2048x2048":"https:\/\/vocesdeveracruz.com.mx\/wp-content\/uploads\/2025\/10\/IMG-20251011-WA0102-2048x1536.jpg"},"magazineBlocksPostAuthor":{"name":"admin","avatar":"https:\/\/secure.gravatar.com\/avatar\/9d5013f9042ef2dfeb4122e9609da41e1858252ad644b84f2ec3a64ab59cceaf?s=96&d=mm&r=g"},"magazineBlocksPostCommentsNumber":"0","magazineBlocksPostExcerpt":"P\u00e1nuco, veracruz. &#8211; Durante la sesi\u00f3n del Consejo municipal de Protecci\u00f3n civil, el alcalde de P\u00e1nuco present\u00f3 los avances en materia de prevenci\u00f3n ante las lluvias que se presentaron en&hellip;","magazineBlocksPostCategories":["LOCAL"],"magazineBlocksPostViewCount":84,"magazineBlocksPostReadTime":2,"magazine_blocks_featured_image_url":{"full":["https:\/\/vocesdeveracruz.com.mx\/wp-content\/uploads\/2025\/10\/IMG-20251011-WA0102-scaled.jpg",2560,1920,false],"medium":["https:\/\/vocesdeveracruz.com.mx\/wp-content\/uploads\/2025\/10\/IMG-20251011-WA0102-300x225.jpg",300,225,true],"thumbnail":["https:\/\/vocesdeveracruz.com.mx\/wp-content\/uploads\/2025\/10\/IMG-20251011-WA0102-150x150.jpg",150,150,true]},"magazine_blocks_author":{"display_name":"admin","author_link":"https:\/\/vocesdeveracruz.com.mx\/?author=1"},"magazine_blocks_comment":0,"magazine_blocks_author_image":"https:\/\/secure.gravatar.com\/avatar\/9d5013f9042ef2dfeb4122e9609da41e1858252ad644b84f2ec3a64ab59cceaf?s=96&d=mm&r=g","magazine_blocks_category":"<a href=\"https:\/\/vocesdeveracruz.com.mx\/?cat=72\" rel=\"category\">LOCAL<\/a>","_links":{"self":[{"href":"https:\/\/vocesdeveracruz.com.mx\/index.php?rest_route=\/wp\/v2\/posts\/4129","targetHints":{"allow":["GET"]}}],"collection":[{"href":"https:\/\/vocesdeveracruz.com.mx\/index.php?rest_route=\/wp\/v2\/posts"}],"about":[{"href":"https:\/\/vocesdeveracruz.com.mx\/index.php?rest_route=\/wp\/v2\/types\/post"}],"author":[{"embeddable":true,"href":"https:\/\/vocesdeveracruz.com.mx\/index.php?rest_route=\/wp\/v2\/users\/1"}],"replies":[{"embeddable":true,"href":"https:\/\/vocesdeveracruz.com.mx\/index.php?rest_route=%2Fwp%2Fv2%2Fcomments&post=4129"}],"version-history":[{"count":1,"href":"https:\/\/vocesdeveracruz.com.mx\/index.php?rest_route=\/wp\/v2\/posts\/4129\/revisions"}],"predecessor-version":[{"id":4132,"href":"https:\/\/vocesdeveracruz.com.mx\/index.php?rest_route=\/wp\/v2\/posts\/4129\/revisions\/4132"}],"wp:featuredmedia":[{"embeddable":true,"href":"https:\/\/vocesdeveracruz.com.mx\/index.php?rest_route=\/wp\/v2\/media\/4130"}],"wp:attachment":[{"href":"https:\/\/vocesdeveracruz.com.mx\/index.php?rest_route=%2Fwp%2Fv2%2Fmedia&parent=4129"}],"wp:term":[{"taxonomy":"category","embeddable":true,"href":"https:\/\/vocesdeveracruz.com.mx\/index.php?rest_route=%2Fwp%2Fv2%2Fcategories&post=4129"},{"taxonomy":"post_tag","embeddable":true,"href":"https:\/\/vocesdeveracruz.com.mx\/index.php?rest_route=%2Fwp%2Fv2%2Ftags&post=4129"}],"curies":[{"name":"wp","href":"https:\/\/api.w.org\/{rel}","templated":true}]}}