{"id":4097,"date":"2025-10-10T13:09:48","date_gmt":"2025-10-10T19:09:48","guid":{"rendered":"https:\/\/vocesdeveracruz.com.mx\/?p=4097"},"modified":"2025-10-10T13:09:48","modified_gmt":"2025-10-10T19:09:48","slug":"ex-director-de-la-caev-crea-falsa-alarma-en-panuco","status":"publish","type":"post","link":"https:\/\/vocesdeveracruz.com.mx\/?p=4097","title":{"rendered":"Ex director de la Caev crea falsa alarma en P\u00e1nuco"},"content":{"rendered":"\n<p>Ex director de la CAEV Cesar Tom\u00e1s Garc\u00eda G\u00f3mez y amigo del director general de la dependencia en el estado, Luis Fernando Cervantes Cruz, mismo que fue dado de baja por presuntos acoso sexuales y robo a las oficinas, crea psicosis en la sociedad a trav\u00e9s de su p\u00e1gina informativa conurbados veracruzanos, antes Tampico Alto Times<\/p>\n\n\n\n<p>La ruptura del bordo es totalmente falsa, se desconoce si el director estatal este ordenando estas acciones que buscan desestabilizar al pueblo de P\u00e1nuco. Sabr\u00e1 la gobernadora Roc\u00edo Nahle de estas acciones.<\/p>\n\n\n\n<p>Estos dos personajes se aprovechan de la vulnerabilidad de la sociedad ante esta situaci\u00f3n que se presenta en el norte de Veracruz.<\/p>\n\n\n\n<figure class=\"wp-block-image size-large\"><img loading=\"lazy\" decoding=\"async\" width=\"771\" height=\"1024\" src=\"https:\/\/vocesdeveracruz.com.mx\/wp-content\/uploads\/2025\/10\/52214-1-771x1024.jpg\" alt=\"\" class=\"wp-image-4099\" srcset=\"https:\/\/vocesdeveracruz.com.mx\/wp-content\/uploads\/2025\/10\/52214-1-771x1024.jpg 771w, https:\/\/vocesdeveracruz.com.mx\/wp-content\/uploads\/2025\/10\/52214-1-226x300.jpg 226w, https:\/\/vocesdeveracruz.com.mx\/wp-content\/uploads\/2025\/10\/52214-1-768x1020.jpg 768w, https:\/\/vocesdeveracruz.com.mx\/wp-content\/uploads\/2025\/10\/52214-1.jpg 1080w\" sizes=\"auto, (max-width: 771px) 100vw, 771px\" \/><\/figure>\n\n\n\n<p>Ser\u00e1 la CONAGUA dependencia relacionada al bordo quien de a conocer informaci\u00f3n sobre el bordo de protecci\u00f3n durante la reuni\u00f3n del consejo municipal de Protecci\u00f3n civil la cual se llevar\u00e1 a cabo hoy a las 12 del medio d\u00eda para que los ciudadanos est\u00e9n al pendiente de las p\u00e1ginas y canales oficiales.<\/p>\n","protected":false},"excerpt":{"rendered":"<p>Ex director de la CAEV Cesar Tom\u00e1s Garc\u00eda G\u00f3mez y amigo del director general de la dependencia en el estado, Luis Fernando Cervantes Cruz, mismo que fue dado de baja&hellip;<\/p>\n","protected":false},"author":1,"featured_media":4098,"comment_status":"open","ping_status":"closed","sticky":false,"template":"","format":"standard","meta":{"footnotes":""},"categories":[72],"tags":[],"class_list":["post-4097","post","type-post","status-publish","format-standard","has-post-thumbnail","hentry","category-local"],"magazineBlocksPostFeaturedMedia":{"thumbnail":"https:\/\/vocesdeveracruz.com.mx\/wp-content\/uploads\/2025\/10\/Tantoyuca-es-sede-de-la-cuarta-entrega-del-programa-Apoyo-a-la-Palabra-Pl_20251010_103605_0000-1-150x150.png","medium":"https:\/\/vocesdeveracruz.com.mx\/wp-content\/uploads\/2025\/10\/Tantoyuca-es-sede-de-la-cuarta-entrega-del-programa-Apoyo-a-la-Palabra-Pl_20251010_103605_0000-1-300x216.png","medium_large":"https:\/\/vocesdeveracruz.com.mx\/wp-content\/uploads\/2025\/10\/Tantoyuca-es-sede-de-la-cuarta-entrega-del-programa-Apoyo-a-la-Palabra-Pl_20251010_103605_0000-1-768x553.png","large":"https:\/\/vocesdeveracruz.com.mx\/wp-content\/uploads\/2025\/10\/Tantoyuca-es-sede-de-la-cuarta-entrega-del-programa-Apoyo-a-la-Palabra-Pl_20251010_103605_0000-1-1024x737.png","1536x1536":"https:\/\/vocesdeveracruz.com.mx\/wp-content\/uploads\/2025\/10\/Tantoyuca-es-sede-de-la-cuarta-entrega-del-programa-Apoyo-a-la-Palabra-Pl_20251010_103605_0000-1.png","2048x2048":"https:\/\/vocesdeveracruz.com.mx\/wp-content\/uploads\/2025\/10\/Tantoyuca-es-sede-de-la-cuarta-entrega-del-programa-Apoyo-a-la-Palabra-Pl_20251010_103605_0000-1.png"},"magazineBlocksPostAuthor":{"name":"admin","avatar":"https:\/\/secure.gravatar.com\/avatar\/9d5013f9042ef2dfeb4122e9609da41e1858252ad644b84f2ec3a64ab59cceaf?s=96&d=mm&r=g"},"magazineBlocksPostCommentsNumber":"0","magazineBlocksPostExcerpt":"Ex director de la CAEV Cesar Tom\u00e1s Garc\u00eda G\u00f3mez y amigo del director general de la dependencia en el estado, Luis Fernando Cervantes Cruz, mismo que fue dado de baja&hellip;","magazineBlocksPostCategories":["LOCAL"],"magazineBlocksPostViewCount":82,"magazineBlocksPostReadTime":1,"magazine_blocks_featured_image_url":{"full":["https:\/\/vocesdeveracruz.com.mx\/wp-content\/uploads\/2025\/10\/Tantoyuca-es-sede-de-la-cuarta-entrega-del-programa-Apoyo-a-la-Palabra-Pl_20251010_103605_0000-1.png",1500,1080,false],"medium":["https:\/\/vocesdeveracruz.com.mx\/wp-content\/uploads\/2025\/10\/Tantoyuca-es-sede-de-la-cuarta-entrega-del-programa-Apoyo-a-la-Palabra-Pl_20251010_103605_0000-1-300x216.png",300,216,true],"thumbnail":["https:\/\/vocesdeveracruz.com.mx\/wp-content\/uploads\/2025\/10\/Tantoyuca-es-sede-de-la-cuarta-entrega-del-programa-Apoyo-a-la-Palabra-Pl_20251010_103605_0000-1-150x150.png",150,150,true]},"magazine_blocks_author":{"display_name":"admin","author_link":"https:\/\/vocesdeveracruz.com.mx\/?author=1"},"magazine_blocks_comment":0,"magazine_blocks_author_image":"https:\/\/secure.gravatar.com\/avatar\/9d5013f9042ef2dfeb4122e9609da41e1858252ad644b84f2ec3a64ab59cceaf?s=96&d=mm&r=g","magazine_blocks_category":"<a href=\"https:\/\/vocesdeveracruz.com.mx\/?cat=72\" rel=\"category\">LOCAL<\/a>","_links":{"self":[{"href":"https:\/\/vocesdeveracruz.com.mx\/index.php?rest_route=\/wp\/v2\/posts\/4097","targetHints":{"allow":["GET"]}}],"collection":[{"href":"https:\/\/vocesdeveracruz.com.mx\/index.php?rest_route=\/wp\/v2\/posts"}],"about":[{"href":"https:\/\/vocesdeveracruz.com.mx\/index.php?rest_route=\/wp\/v2\/types\/post"}],"author":[{"embeddable":true,"href":"https:\/\/vocesdeveracruz.com.mx\/index.php?rest_route=\/wp\/v2\/users\/1"}],"replies":[{"embeddable":true,"href":"https:\/\/vocesdeveracruz.com.mx\/index.php?rest_route=%2Fwp%2Fv2%2Fcomments&post=4097"}],"version-history":[{"count":1,"href":"https:\/\/vocesdeveracruz.com.mx\/index.php?rest_route=\/wp\/v2\/posts\/4097\/revisions"}],"predecessor-version":[{"id":4100,"href":"https:\/\/vocesdeveracruz.com.mx\/index.php?rest_route=\/wp\/v2\/posts\/4097\/revisions\/4100"}],"wp:featuredmedia":[{"embeddable":true,"href":"https:\/\/vocesdeveracruz.com.mx\/index.php?rest_route=\/wp\/v2\/media\/4098"}],"wp:attachment":[{"href":"https:\/\/vocesdeveracruz.com.mx\/index.php?rest_route=%2Fwp%2Fv2%2Fmedia&parent=4097"}],"wp:term":[{"taxonomy":"category","embeddable":true,"href":"https:\/\/vocesdeveracruz.com.mx\/index.php?rest_route=%2Fwp%2Fv2%2Fcategories&post=4097"},{"taxonomy":"post_tag","embeddable":true,"href":"https:\/\/vocesdeveracruz.com.mx\/index.php?rest_route=%2Fwp%2Fv2%2Ftags&post=4097"}],"curies":[{"name":"wp","href":"https:\/\/api.w.org\/{rel}","templated":true}]}}