{"id":4060,"date":"2025-10-07T17:38:49","date_gmt":"2025-10-07T23:38:49","guid":{"rendered":"https:\/\/vocesdeveracruz.com.mx\/?p=4060"},"modified":"2025-10-07T17:38:49","modified_gmt":"2025-10-07T23:38:49","slug":"destacada-participacion-del-tecnm-campus-panuco-en-la-cumbre-nacional-innovatecnm-2025","status":"publish","type":"post","link":"https:\/\/vocesdeveracruz.com.mx\/?p=4060","title":{"rendered":"DESTACADA PARTICIPACI\u00d3N DEL TECNM CAMPUS P\u00c1NUCO EN LA CUMBRE NACIONAL INNOVATECNM 2025"},"content":{"rendered":"\n<p><a href=\"https:\/\/www.panuco.tecnm.mx\/author\/comunicacion\/\"><\/a><\/p>\n\n\n\n<p>P\u00e1nuco, Ver. \u2013 El TecNM Campus P\u00e1nuco felicita a todas y a todos los estudiantes que representaron con orgullo a nuestra instituci\u00f3n en la Cumbre Nacional de Desarrollo Tecnol\u00f3gico, Emprendimiento e Innovaci\u00f3n (InnovaTecNM 2025), Regi\u00f3n 4, celebrada en el Instituto Tecnol\u00f3gico de Toluca.<\/p>\n\n\n\n<p>Su entusiasmo, compromiso y creatividad reflejan el esp\u00edritu innovador que caracteriza a nuestra comunidad tecnol\u00f3gica.<\/p>\n\n\n\n<p>De manera especial, se extiende una menci\u00f3n honor\u00edfica al equipo del proyecto \u201cPhotoVolt\u201d, conformado por Carolina Abigail Enr\u00edquez Herrera, Mara Sof\u00eda De la Cruz Aguilar, Alexis Josary Gonz\u00e1lez Moctezuma y Leonardo Abel Castillo Bautista, quienes, bajo la asesor\u00eda de la Dra. Guadalupe Esmeralda Rivera Garc\u00eda y el Dr. Juan Carlos Ram\u00edrez V\u00e1zquez, obteniendo el primer lugar en la categor\u00eda Industria El\u00e9ctrica y Electr\u00f3nica, acreditando su pase al evento nacional del Concurso de Innovaci\u00f3n Tecnol\u00f3gica 2025, que se llevar\u00e1 a cabo del 25 al 28 de noviembre en Pachuca, Hidalgo.<\/p>\n\n\n\n<div class=\"wp-block-columns is-layout-flex wp-container-core-columns-is-layout-9d6595d7 wp-block-columns-is-layout-flex\">\n<div class=\"wp-block-column is-layout-flow wp-block-column-is-layout-flow\">\n<figure class=\"wp-block-image size-large\"><img loading=\"lazy\" decoding=\"async\" width=\"1024\" height=\"567\" src=\"https:\/\/vocesdeveracruz.com.mx\/wp-content\/uploads\/2025\/10\/558642604_830916819897244_5924326167914347488_n-1024x567.jpg\" alt=\"\" class=\"wp-image-4062\" srcset=\"https:\/\/vocesdeveracruz.com.mx\/wp-content\/uploads\/2025\/10\/558642604_830916819897244_5924326167914347488_n-1024x567.jpg 1024w, https:\/\/vocesdeveracruz.com.mx\/wp-content\/uploads\/2025\/10\/558642604_830916819897244_5924326167914347488_n-300x166.jpg 300w, https:\/\/vocesdeveracruz.com.mx\/wp-content\/uploads\/2025\/10\/558642604_830916819897244_5924326167914347488_n-768x425.jpg 768w, https:\/\/vocesdeveracruz.com.mx\/wp-content\/uploads\/2025\/10\/558642604_830916819897244_5924326167914347488_n-1536x851.jpg 1536w, https:\/\/vocesdeveracruz.com.mx\/wp-content\/uploads\/2025\/10\/558642604_830916819897244_5924326167914347488_n.jpg 2048w\" sizes=\"auto, (max-width: 1024px) 100vw, 1024px\" \/><\/figure>\n<\/div>\n\n\n\n<div class=\"wp-block-column is-layout-flow wp-block-column-is-layout-flow\">\n<figure class=\"wp-block-image size-large\"><img loading=\"lazy\" decoding=\"async\" width=\"1024\" height=\"569\" src=\"https:\/\/vocesdeveracruz.com.mx\/wp-content\/uploads\/2025\/10\/555497137_830916886563904_5438399444193686960_n-1024x569.jpg\" alt=\"\" class=\"wp-image-4063\" srcset=\"https:\/\/vocesdeveracruz.com.mx\/wp-content\/uploads\/2025\/10\/555497137_830916886563904_5438399444193686960_n-1024x569.jpg 1024w, https:\/\/vocesdeveracruz.com.mx\/wp-content\/uploads\/2025\/10\/555497137_830916886563904_5438399444193686960_n-300x167.jpg 300w, https:\/\/vocesdeveracruz.com.mx\/wp-content\/uploads\/2025\/10\/555497137_830916886563904_5438399444193686960_n-768x426.jpg 768w, https:\/\/vocesdeveracruz.com.mx\/wp-content\/uploads\/2025\/10\/555497137_830916886563904_5438399444193686960_n-1536x853.jpg 1536w, https:\/\/vocesdeveracruz.com.mx\/wp-content\/uploads\/2025\/10\/555497137_830916886563904_5438399444193686960_n.jpg 2048w\" sizes=\"auto, (max-width: 1024px) 100vw, 1024px\" \/><\/figure>\n<\/div>\n\n\n\n<div class=\"wp-block-column is-layout-flow wp-block-column-is-layout-flow\">\n<figure class=\"wp-block-image size-large\"><img loading=\"lazy\" decoding=\"async\" width=\"1024\" height=\"570\" src=\"https:\/\/vocesdeveracruz.com.mx\/wp-content\/uploads\/2025\/10\/557564674_830917086563884_2448662791859801138_n-1024x570.jpg\" alt=\"\" class=\"wp-image-4064\" srcset=\"https:\/\/vocesdeveracruz.com.mx\/wp-content\/uploads\/2025\/10\/557564674_830917086563884_2448662791859801138_n-1024x570.jpg 1024w, https:\/\/vocesdeveracruz.com.mx\/wp-content\/uploads\/2025\/10\/557564674_830917086563884_2448662791859801138_n-300x167.jpg 300w, https:\/\/vocesdeveracruz.com.mx\/wp-content\/uploads\/2025\/10\/557564674_830917086563884_2448662791859801138_n-768x428.jpg 768w, https:\/\/vocesdeveracruz.com.mx\/wp-content\/uploads\/2025\/10\/557564674_830917086563884_2448662791859801138_n-1536x855.jpg 1536w, https:\/\/vocesdeveracruz.com.mx\/wp-content\/uploads\/2025\/10\/557564674_830917086563884_2448662791859801138_n.jpg 2048w\" sizes=\"auto, (max-width: 1024px) 100vw, 1024px\" \/><\/figure>\n<\/div>\n<\/div>\n\n\n\n<p>Con este logro, el TecNM Campus P\u00e1nuco reafirma su compromiso con la formaci\u00f3n de profesionistas l\u00edderes, capaces de desarrollar soluciones innovadoras que aporten al progreso tecnol\u00f3gico y social de nuestro pa\u00eds.<\/p>\n\n\n\n<p><\/p>\n","protected":false},"excerpt":{"rendered":"<p>P\u00e1nuco, Ver. \u2013 El TecNM Campus P\u00e1nuco felicita a todas y a todos los estudiantes que representaron con orgullo a nuestra instituci\u00f3n en la Cumbre Nacional de Desarrollo Tecnol\u00f3gico, Emprendimiento&hellip;<\/p>\n","protected":false},"author":1,"featured_media":4061,"comment_status":"open","ping_status":"closed","sticky":false,"template":"","format":"standard","meta":{"footnotes":""},"categories":[72],"tags":[],"class_list":["post-4060","post","type-post","status-publish","format-standard","has-post-thumbnail","hentry","category-local"],"magazineBlocksPostFeaturedMedia":{"thumbnail":"https:\/\/vocesdeveracruz.com.mx\/wp-content\/uploads\/2025\/10\/557976658_833631939625732_6566320007161581895_n-150x150.jpg","medium":"https:\/\/vocesdeveracruz.com.mx\/wp-content\/uploads\/2025\/10\/557976658_833631939625732_6566320007161581895_n-300x149.jpg","medium_large":"https:\/\/vocesdeveracruz.com.mx\/wp-content\/uploads\/2025\/10\/557976658_833631939625732_6566320007161581895_n-768x381.jpg","large":"https:\/\/vocesdeveracruz.com.mx\/wp-content\/uploads\/2025\/10\/557976658_833631939625732_6566320007161581895_n-1024x509.jpg","1536x1536":"https:\/\/vocesdeveracruz.com.mx\/wp-content\/uploads\/2025\/10\/557976658_833631939625732_6566320007161581895_n-1536x763.jpg","2048x2048":"https:\/\/vocesdeveracruz.com.mx\/wp-content\/uploads\/2025\/10\/557976658_833631939625732_6566320007161581895_n.jpg"},"magazineBlocksPostAuthor":{"name":"admin","avatar":"https:\/\/secure.gravatar.com\/avatar\/9d5013f9042ef2dfeb4122e9609da41e1858252ad644b84f2ec3a64ab59cceaf?s=96&d=mm&r=g"},"magazineBlocksPostCommentsNumber":"0","magazineBlocksPostExcerpt":"P\u00e1nuco, Ver. \u2013 El TecNM Campus P\u00e1nuco felicita a todas y a todos los estudiantes que representaron con orgullo a nuestra instituci\u00f3n en la Cumbre Nacional de Desarrollo Tecnol\u00f3gico, Emprendimiento&hellip;","magazineBlocksPostCategories":["LOCAL"],"magazineBlocksPostViewCount":282,"magazineBlocksPostReadTime":1,"magazine_blocks_featured_image_url":{"full":["https:\/\/vocesdeveracruz.com.mx\/wp-content\/uploads\/2025\/10\/557976658_833631939625732_6566320007161581895_n.jpg",2048,1017,false],"medium":["https:\/\/vocesdeveracruz.com.mx\/wp-content\/uploads\/2025\/10\/557976658_833631939625732_6566320007161581895_n-300x149.jpg",300,149,true],"thumbnail":["https:\/\/vocesdeveracruz.com.mx\/wp-content\/uploads\/2025\/10\/557976658_833631939625732_6566320007161581895_n-150x150.jpg",150,150,true]},"magazine_blocks_author":{"display_name":"admin","author_link":"https:\/\/vocesdeveracruz.com.mx\/?author=1"},"magazine_blocks_comment":0,"magazine_blocks_author_image":"https:\/\/secure.gravatar.com\/avatar\/9d5013f9042ef2dfeb4122e9609da41e1858252ad644b84f2ec3a64ab59cceaf?s=96&d=mm&r=g","magazine_blocks_category":"<a href=\"https:\/\/vocesdeveracruz.com.mx\/?cat=72\" rel=\"category\">LOCAL<\/a>","_links":{"self":[{"href":"https:\/\/vocesdeveracruz.com.mx\/index.php?rest_route=\/wp\/v2\/posts\/4060","targetHints":{"allow":["GET"]}}],"collection":[{"href":"https:\/\/vocesdeveracruz.com.mx\/index.php?rest_route=\/wp\/v2\/posts"}],"about":[{"href":"https:\/\/vocesdeveracruz.com.mx\/index.php?rest_route=\/wp\/v2\/types\/post"}],"author":[{"embeddable":true,"href":"https:\/\/vocesdeveracruz.com.mx\/index.php?rest_route=\/wp\/v2\/users\/1"}],"replies":[{"embeddable":true,"href":"https:\/\/vocesdeveracruz.com.mx\/index.php?rest_route=%2Fwp%2Fv2%2Fcomments&post=4060"}],"version-history":[{"count":1,"href":"https:\/\/vocesdeveracruz.com.mx\/index.php?rest_route=\/wp\/v2\/posts\/4060\/revisions"}],"predecessor-version":[{"id":4065,"href":"https:\/\/vocesdeveracruz.com.mx\/index.php?rest_route=\/wp\/v2\/posts\/4060\/revisions\/4065"}],"wp:featuredmedia":[{"embeddable":true,"href":"https:\/\/vocesdeveracruz.com.mx\/index.php?rest_route=\/wp\/v2\/media\/4061"}],"wp:attachment":[{"href":"https:\/\/vocesdeveracruz.com.mx\/index.php?rest_route=%2Fwp%2Fv2%2Fmedia&parent=4060"}],"wp:term":[{"taxonomy":"category","embeddable":true,"href":"https:\/\/vocesdeveracruz.com.mx\/index.php?rest_route=%2Fwp%2Fv2%2Fcategories&post=4060"},{"taxonomy":"post_tag","embeddable":true,"href":"https:\/\/vocesdeveracruz.com.mx\/index.php?rest_route=%2Fwp%2Fv2%2Ftags&post=4060"}],"curies":[{"name":"wp","href":"https:\/\/api.w.org\/{rel}","templated":true}]}}