{"id":3990,"date":"2025-09-30T18:24:45","date_gmt":"2025-10-01T00:24:45","guid":{"rendered":"https:\/\/vocesdeveracruz.com.mx\/?p=3990"},"modified":"2025-09-30T18:24:45","modified_gmt":"2025-10-01T00:24:45","slug":"las-instancias-electorales-le-dan-la-razon-al-pueblo","status":"publish","type":"post","link":"https:\/\/vocesdeveracruz.com.mx\/?p=3990","title":{"rendered":"Las instancias electorales le dan la raz\u00f3n al pueblo."},"content":{"rendered":"\n<p><\/p>\n\n\n\n<p><a><\/a>Validan elecci\u00f3n de municipal <a href=\"https:\/\/www.facebook.com\/hashtag\/p%C3%A1nuco?__cft__[0]=AZW7I3Aj_x10OSM1eDXarwnGc0lVF6Kbe57It7tvR5qT2CYe5MNSfmun8rau0RAkyyMSS4EjISbS-3mmlCo2ax4GZpCpvyqxr6u8ZgUcB87MRvl7XIBjaQhQRISAqrEkcAv-EhqrLpC9wNGwX6telCS3DthKCznG4n_4zg6rhLqstP5gt5_mdZ9GnzRoidKEhJvQb9Rih23vvXwv5WDuTBvd&amp;__tn__=*NK-R\">#P\u00e1nuco<\/a><\/p>\n\n\n\n<p>En Sesi\u00f3n p\u00fablica celebrada por la Sala Regional de Xalapa del Tribunal Electoral del Poder Judicial de la Federaci\u00f3n y por unanimidad de los magistrados se confirma el c\u00f3mputo y la validez de la elecci\u00f3n en P\u00e1nuco a favor de la f\u00f3rmula encabezada por Mayra Anel Delgado Castillo y Maritza Gonz\u00e1lez Ortiz de los partidos Morena y Verde.<\/p>\n\n\n\n<p>De acuerdo a los magistrados, los recursos de impugnaci\u00f3n interpuestos por Octavia Ortega Arteaga son infundados e inoperantes, ya que las pruebas demostradas fueron insuficientes para acreditar los hechos denunciados.<\/p>\n\n\n\n<p>Con esto nuevamente las instancias encargadas de impartir justicia electoral le dan la raz\u00f3n al pueblo de P\u00e1nuco.<\/p>\n\n\n\n<figure class=\"wp-block-image size-large\"><img loading=\"lazy\" decoding=\"async\" width=\"746\" height=\"1024\" src=\"https:\/\/vocesdeveracruz.com.mx\/wp-content\/uploads\/2025\/09\/6ff78d6b-73be-42fa-a496-94b3c68ef807-1-746x1024.jpg\" alt=\"\" class=\"wp-image-3992\" srcset=\"https:\/\/vocesdeveracruz.com.mx\/wp-content\/uploads\/2025\/09\/6ff78d6b-73be-42fa-a496-94b3c68ef807-1-746x1024.jpg 746w, https:\/\/vocesdeveracruz.com.mx\/wp-content\/uploads\/2025\/09\/6ff78d6b-73be-42fa-a496-94b3c68ef807-1-219x300.jpg 219w, https:\/\/vocesdeveracruz.com.mx\/wp-content\/uploads\/2025\/09\/6ff78d6b-73be-42fa-a496-94b3c68ef807-1-768x1054.jpg 768w, https:\/\/vocesdeveracruz.com.mx\/wp-content\/uploads\/2025\/09\/6ff78d6b-73be-42fa-a496-94b3c68ef807-1-1119x1536.jpg 1119w, https:\/\/vocesdeveracruz.com.mx\/wp-content\/uploads\/2025\/09\/6ff78d6b-73be-42fa-a496-94b3c68ef807-1-1492x2048.jpg 1492w, https:\/\/vocesdeveracruz.com.mx\/wp-content\/uploads\/2025\/09\/6ff78d6b-73be-42fa-a496-94b3c68ef807-1.jpg 1865w\" sizes=\"auto, (max-width: 746px) 100vw, 746px\" \/><\/figure>\n","protected":false},"excerpt":{"rendered":"<p>Validan elecci\u00f3n de municipal #P\u00e1nuco En Sesi\u00f3n p\u00fablica celebrada por la Sala Regional de Xalapa del Tribunal Electoral del Poder Judicial de la Federaci\u00f3n y por unanimidad de los magistrados&hellip;<\/p>\n","protected":false},"author":1,"featured_media":3993,"comment_status":"open","ping_status":"closed","sticky":false,"template":"","format":"standard","meta":{"footnotes":""},"categories":[72],"tags":[],"class_list":["post-3990","post","type-post","status-publish","format-standard","has-post-thumbnail","hentry","category-local"],"magazineBlocksPostFeaturedMedia":{"thumbnail":"https:\/\/vocesdeveracruz.com.mx\/wp-content\/uploads\/2025\/09\/image-150x150.webp","medium":"https:\/\/vocesdeveracruz.com.mx\/wp-content\/uploads\/2025\/09\/image-300x169.webp","medium_large":"https:\/\/vocesdeveracruz.com.mx\/wp-content\/uploads\/2025\/09\/image-768x432.webp","large":"https:\/\/vocesdeveracruz.com.mx\/wp-content\/uploads\/2025\/09\/image-1024x576.webp","1536x1536":"https:\/\/vocesdeveracruz.com.mx\/wp-content\/uploads\/2025\/09\/image.webp","2048x2048":"https:\/\/vocesdeveracruz.com.mx\/wp-content\/uploads\/2025\/09\/image.webp"},"magazineBlocksPostAuthor":{"name":"admin","avatar":"https:\/\/secure.gravatar.com\/avatar\/9d5013f9042ef2dfeb4122e9609da41e1858252ad644b84f2ec3a64ab59cceaf?s=96&d=mm&r=g"},"magazineBlocksPostCommentsNumber":"0","magazineBlocksPostExcerpt":"Validan elecci\u00f3n de municipal #P\u00e1nuco En Sesi\u00f3n p\u00fablica celebrada por la Sala Regional de Xalapa del Tribunal Electoral del Poder Judicial de la Federaci\u00f3n y por unanimidad de los magistrados&hellip;","magazineBlocksPostCategories":["LOCAL"],"magazineBlocksPostViewCount":75,"magazineBlocksPostReadTime":1,"magazine_blocks_featured_image_url":{"full":["https:\/\/vocesdeveracruz.com.mx\/wp-content\/uploads\/2025\/09\/image.webp",1200,675,false],"medium":["https:\/\/vocesdeveracruz.com.mx\/wp-content\/uploads\/2025\/09\/image-300x169.webp",300,169,true],"thumbnail":["https:\/\/vocesdeveracruz.com.mx\/wp-content\/uploads\/2025\/09\/image-150x150.webp",150,150,true]},"magazine_blocks_author":{"display_name":"admin","author_link":"https:\/\/vocesdeveracruz.com.mx\/?author=1"},"magazine_blocks_comment":0,"magazine_blocks_author_image":"https:\/\/secure.gravatar.com\/avatar\/9d5013f9042ef2dfeb4122e9609da41e1858252ad644b84f2ec3a64ab59cceaf?s=96&d=mm&r=g","magazine_blocks_category":"<a href=\"https:\/\/vocesdeveracruz.com.mx\/?cat=72\" rel=\"category\">LOCAL<\/a>","_links":{"self":[{"href":"https:\/\/vocesdeveracruz.com.mx\/index.php?rest_route=\/wp\/v2\/posts\/3990","targetHints":{"allow":["GET"]}}],"collection":[{"href":"https:\/\/vocesdeveracruz.com.mx\/index.php?rest_route=\/wp\/v2\/posts"}],"about":[{"href":"https:\/\/vocesdeveracruz.com.mx\/index.php?rest_route=\/wp\/v2\/types\/post"}],"author":[{"embeddable":true,"href":"https:\/\/vocesdeveracruz.com.mx\/index.php?rest_route=\/wp\/v2\/users\/1"}],"replies":[{"embeddable":true,"href":"https:\/\/vocesdeveracruz.com.mx\/index.php?rest_route=%2Fwp%2Fv2%2Fcomments&post=3990"}],"version-history":[{"count":1,"href":"https:\/\/vocesdeveracruz.com.mx\/index.php?rest_route=\/wp\/v2\/posts\/3990\/revisions"}],"predecessor-version":[{"id":3994,"href":"https:\/\/vocesdeveracruz.com.mx\/index.php?rest_route=\/wp\/v2\/posts\/3990\/revisions\/3994"}],"wp:featuredmedia":[{"embeddable":true,"href":"https:\/\/vocesdeveracruz.com.mx\/index.php?rest_route=\/wp\/v2\/media\/3993"}],"wp:attachment":[{"href":"https:\/\/vocesdeveracruz.com.mx\/index.php?rest_route=%2Fwp%2Fv2%2Fmedia&parent=3990"}],"wp:term":[{"taxonomy":"category","embeddable":true,"href":"https:\/\/vocesdeveracruz.com.mx\/index.php?rest_route=%2Fwp%2Fv2%2Fcategories&post=3990"},{"taxonomy":"post_tag","embeddable":true,"href":"https:\/\/vocesdeveracruz.com.mx\/index.php?rest_route=%2Fwp%2Fv2%2Ftags&post=3990"}],"curies":[{"name":"wp","href":"https:\/\/api.w.org\/{rel}","templated":true}]}}