{"id":3947,"date":"2025-09-30T15:44:10","date_gmt":"2025-09-30T21:44:10","guid":{"rendered":"https:\/\/vocesdeveracruz.com.mx\/?p=3947"},"modified":"2025-09-30T15:44:10","modified_gmt":"2025-09-30T21:44:10","slug":"tecnm-campus-panuco-se-suma-a-la-2a-jornada-nacional-de-tequios-y-murales-por-la-paz","status":"publish","type":"post","link":"https:\/\/vocesdeveracruz.com.mx\/?p=3947","title":{"rendered":"TecNM Campus P\u00e1nuco se suma a la 2\u00aa Jornada Nacional de Tequios y Murales por la Paz"},"content":{"rendered":"\n<p><\/p>\n\n\n\n<p>P\u00e1nuco, Ver. \u2013 El Tecnol\u00f3gico Nacional de M\u00e9xico (TecNM) Campus P\u00e1nuco particip\u00f3 activamente en la 2\u00aa Jornada Nacional de Tequios y Murales por la Paz y Contra las Adicciones, una acci\u00f3n impulsada por la presidenta de M\u00e9xico, Dra. Claudia Sheinbaum Pardo, dentro de la estrategia nacional Arte Que Transforma.<\/p>\n\n\n\n<p>Durante esta jornada, la comunidad estudiantil tuvo la oportunidad de plasmar su talento art\u00edstico, fomentar el trabajo en equipo y al mismo tiempo, reafirmar su compromiso con la sociedad. A trav\u00e9s de expresiones culturales y creativas, las y los j\u00f3venes transmitieron mensajes de paz y prevenci\u00f3n, destacando la importancia del arte como herramienta de transformaci\u00f3n social.<\/p>\n\n\n\n<div class=\"wp-block-columns is-layout-flex wp-container-core-columns-is-layout-9d6595d7 wp-block-columns-is-layout-flex\">\n<div class=\"wp-block-column is-layout-flow wp-block-column-is-layout-flow\">\n<figure class=\"wp-block-image size-large\"><img loading=\"lazy\" decoding=\"async\" width=\"1024\" height=\"570\" src=\"https:\/\/vocesdeveracruz.com.mx\/wp-content\/uploads\/2025\/09\/555442282_824752653846994_301492583049080978_n-1024x570.jpg\" alt=\"\" class=\"wp-image-3949\" srcset=\"https:\/\/vocesdeveracruz.com.mx\/wp-content\/uploads\/2025\/09\/555442282_824752653846994_301492583049080978_n-1024x570.jpg 1024w, https:\/\/vocesdeveracruz.com.mx\/wp-content\/uploads\/2025\/09\/555442282_824752653846994_301492583049080978_n-300x167.jpg 300w, https:\/\/vocesdeveracruz.com.mx\/wp-content\/uploads\/2025\/09\/555442282_824752653846994_301492583049080978_n-768x428.jpg 768w, https:\/\/vocesdeveracruz.com.mx\/wp-content\/uploads\/2025\/09\/555442282_824752653846994_301492583049080978_n-1536x855.jpg 1536w, https:\/\/vocesdeveracruz.com.mx\/wp-content\/uploads\/2025\/09\/555442282_824752653846994_301492583049080978_n.jpg 2048w\" sizes=\"auto, (max-width: 1024px) 100vw, 1024px\" \/><\/figure>\n<\/div>\n\n\n\n<div class=\"wp-block-column is-layout-flow wp-block-column-is-layout-flow\">\n<figure class=\"wp-block-image size-large\"><img loading=\"lazy\" decoding=\"async\" width=\"1024\" height=\"569\" src=\"https:\/\/vocesdeveracruz.com.mx\/wp-content\/uploads\/2025\/09\/555600954_824750970513829_7647246597213589482_n-1024x569.jpg\" alt=\"\" class=\"wp-image-3950\" srcset=\"https:\/\/vocesdeveracruz.com.mx\/wp-content\/uploads\/2025\/09\/555600954_824750970513829_7647246597213589482_n-1024x569.jpg 1024w, https:\/\/vocesdeveracruz.com.mx\/wp-content\/uploads\/2025\/09\/555600954_824750970513829_7647246597213589482_n-300x167.jpg 300w, https:\/\/vocesdeveracruz.com.mx\/wp-content\/uploads\/2025\/09\/555600954_824750970513829_7647246597213589482_n-768x426.jpg 768w, https:\/\/vocesdeveracruz.com.mx\/wp-content\/uploads\/2025\/09\/555600954_824750970513829_7647246597213589482_n-1536x853.jpg 1536w, https:\/\/vocesdeveracruz.com.mx\/wp-content\/uploads\/2025\/09\/555600954_824750970513829_7647246597213589482_n.jpg 2048w\" sizes=\"auto, (max-width: 1024px) 100vw, 1024px\" \/><\/figure>\n<\/div>\n\n\n\n<div class=\"wp-block-column is-layout-flow wp-block-column-is-layout-flow\">\n<figure class=\"wp-block-image size-large\"><img loading=\"lazy\" decoding=\"async\" width=\"1024\" height=\"558\" src=\"https:\/\/vocesdeveracruz.com.mx\/wp-content\/uploads\/2025\/09\/555061198_824750943847165_6559062387546211165_n-1024x558.jpg\" alt=\"\" class=\"wp-image-3951\" srcset=\"https:\/\/vocesdeveracruz.com.mx\/wp-content\/uploads\/2025\/09\/555061198_824750943847165_6559062387546211165_n-1024x558.jpg 1024w, https:\/\/vocesdeveracruz.com.mx\/wp-content\/uploads\/2025\/09\/555061198_824750943847165_6559062387546211165_n-300x163.jpg 300w, https:\/\/vocesdeveracruz.com.mx\/wp-content\/uploads\/2025\/09\/555061198_824750943847165_6559062387546211165_n-768x419.jpg 768w, https:\/\/vocesdeveracruz.com.mx\/wp-content\/uploads\/2025\/09\/555061198_824750943847165_6559062387546211165_n-1536x837.jpg 1536w, https:\/\/vocesdeveracruz.com.mx\/wp-content\/uploads\/2025\/09\/555061198_824750943847165_6559062387546211165_n.jpg 2048w\" sizes=\"auto, (max-width: 1024px) 100vw, 1024px\" \/><\/figure>\n<\/div>\n<\/div>\n\n\n\n<p>El director de esta m\u00e1xima casa de estudio Lic. Joseph Cruz Mart\u00ednez subray\u00f3 que en el TecNM Campus P\u00e1nuco se cree firmemente que la creatividad y la participaci\u00f3n comunitaria son elementos clave para la formaci\u00f3n integral del estudiantado. \u201cSembrar valores que construyan un futuro m\u00e1s justo, solidario y esperanzador es parte de nuestra misi\u00f3n educativa\u201d, expres\u00f3.<\/p>\n\n\n\n<p>Con estas actividades, el instituto no solo fortalece la identidad y el sentido de pertenencia de su comunidad, sino que tambi\u00e9n se suma al esfuerzo nacional por impulsar una juventud m\u00e1s consciente, participativa y comprometida con la construcci\u00f3n de la paz.<\/p>\n","protected":false},"excerpt":{"rendered":"<p>P\u00e1nuco, Ver. \u2013 El Tecnol\u00f3gico Nacional de M\u00e9xico (TecNM) Campus P\u00e1nuco particip\u00f3 activamente en la 2\u00aa Jornada Nacional de Tequios y Murales por la Paz y Contra las Adicciones, una&hellip;<\/p>\n","protected":false},"author":1,"featured_media":3948,"comment_status":"open","ping_status":"closed","sticky":false,"template":"","format":"standard","meta":{"footnotes":""},"categories":[72],"tags":[],"class_list":["post-3947","post","type-post","status-publish","format-standard","has-post-thumbnail","hentry","category-local"],"magazineBlocksPostFeaturedMedia":{"thumbnail":"https:\/\/vocesdeveracruz.com.mx\/wp-content\/uploads\/2025\/09\/555728602_824750987180494_6730919597905931956_n-150x150.jpg","medium":"https:\/\/vocesdeveracruz.com.mx\/wp-content\/uploads\/2025\/09\/555728602_824750987180494_6730919597905931956_n-300x162.jpg","medium_large":"https:\/\/vocesdeveracruz.com.mx\/wp-content\/uploads\/2025\/09\/555728602_824750987180494_6730919597905931956_n-768x414.jpg","large":"https:\/\/vocesdeveracruz.com.mx\/wp-content\/uploads\/2025\/09\/555728602_824750987180494_6730919597905931956_n-1024x552.jpg","1536x1536":"https:\/\/vocesdeveracruz.com.mx\/wp-content\/uploads\/2025\/09\/555728602_824750987180494_6730919597905931956_n-1536x828.jpg","2048x2048":"https:\/\/vocesdeveracruz.com.mx\/wp-content\/uploads\/2025\/09\/555728602_824750987180494_6730919597905931956_n.jpg"},"magazineBlocksPostAuthor":{"name":"admin","avatar":"https:\/\/secure.gravatar.com\/avatar\/9d5013f9042ef2dfeb4122e9609da41e1858252ad644b84f2ec3a64ab59cceaf?s=96&d=mm&r=g"},"magazineBlocksPostCommentsNumber":"0","magazineBlocksPostExcerpt":"P\u00e1nuco, Ver. \u2013 El Tecnol\u00f3gico Nacional de M\u00e9xico (TecNM) Campus P\u00e1nuco particip\u00f3 activamente en la 2\u00aa Jornada Nacional de Tequios y Murales por la Paz y Contra las Adicciones, una&hellip;","magazineBlocksPostCategories":["LOCAL"],"magazineBlocksPostViewCount":246,"magazineBlocksPostReadTime":2,"magazine_blocks_featured_image_url":{"full":["https:\/\/vocesdeveracruz.com.mx\/wp-content\/uploads\/2025\/09\/555728602_824750987180494_6730919597905931956_n.jpg",2048,1104,false],"medium":["https:\/\/vocesdeveracruz.com.mx\/wp-content\/uploads\/2025\/09\/555728602_824750987180494_6730919597905931956_n-300x162.jpg",300,162,true],"thumbnail":["https:\/\/vocesdeveracruz.com.mx\/wp-content\/uploads\/2025\/09\/555728602_824750987180494_6730919597905931956_n-150x150.jpg",150,150,true]},"magazine_blocks_author":{"display_name":"admin","author_link":"https:\/\/vocesdeveracruz.com.mx\/?author=1"},"magazine_blocks_comment":0,"magazine_blocks_author_image":"https:\/\/secure.gravatar.com\/avatar\/9d5013f9042ef2dfeb4122e9609da41e1858252ad644b84f2ec3a64ab59cceaf?s=96&d=mm&r=g","magazine_blocks_category":"<a href=\"https:\/\/vocesdeveracruz.com.mx\/?cat=72\" rel=\"category\">LOCAL<\/a>","_links":{"self":[{"href":"https:\/\/vocesdeveracruz.com.mx\/index.php?rest_route=\/wp\/v2\/posts\/3947","targetHints":{"allow":["GET"]}}],"collection":[{"href":"https:\/\/vocesdeveracruz.com.mx\/index.php?rest_route=\/wp\/v2\/posts"}],"about":[{"href":"https:\/\/vocesdeveracruz.com.mx\/index.php?rest_route=\/wp\/v2\/types\/post"}],"author":[{"embeddable":true,"href":"https:\/\/vocesdeveracruz.com.mx\/index.php?rest_route=\/wp\/v2\/users\/1"}],"replies":[{"embeddable":true,"href":"https:\/\/vocesdeveracruz.com.mx\/index.php?rest_route=%2Fwp%2Fv2%2Fcomments&post=3947"}],"version-history":[{"count":1,"href":"https:\/\/vocesdeveracruz.com.mx\/index.php?rest_route=\/wp\/v2\/posts\/3947\/revisions"}],"predecessor-version":[{"id":3952,"href":"https:\/\/vocesdeveracruz.com.mx\/index.php?rest_route=\/wp\/v2\/posts\/3947\/revisions\/3952"}],"wp:featuredmedia":[{"embeddable":true,"href":"https:\/\/vocesdeveracruz.com.mx\/index.php?rest_route=\/wp\/v2\/media\/3948"}],"wp:attachment":[{"href":"https:\/\/vocesdeveracruz.com.mx\/index.php?rest_route=%2Fwp%2Fv2%2Fmedia&parent=3947"}],"wp:term":[{"taxonomy":"category","embeddable":true,"href":"https:\/\/vocesdeveracruz.com.mx\/index.php?rest_route=%2Fwp%2Fv2%2Fcategories&post=3947"},{"taxonomy":"post_tag","embeddable":true,"href":"https:\/\/vocesdeveracruz.com.mx\/index.php?rest_route=%2Fwp%2Fv2%2Ftags&post=3947"}],"curies":[{"name":"wp","href":"https:\/\/api.w.org\/{rel}","templated":true}]}}