{"id":3926,"date":"2025-09-25T18:27:43","date_gmt":"2025-09-26T00:27:43","guid":{"rendered":"https:\/\/vocesdeveracruz.com.mx\/?p=3926"},"modified":"2025-09-25T18:27:43","modified_gmt":"2025-09-26T00:27:43","slug":"fortalecen-vinculacion-academica-estudiantes-de-contador-publico-del-tecnm-campus-panuco-con-el-colegio-de-contadores-publicos-del-sur-de-tamaulipas","status":"publish","type":"post","link":"https:\/\/vocesdeveracruz.com.mx\/?p=3926","title":{"rendered":"Fortalecen vinculaci\u00f3n acad\u00e9mica estudiantes de Contador P\u00fablico del TecNM Campus P\u00e1nuco con el Colegio de Contadores P\u00fablicos del Sur de Tamaulipas"},"content":{"rendered":"\n<p>P\u00e1nuco, Ver. \u2013 La Academia de Contador P\u00fablico del TecNM Campus P\u00e1nuco llev\u00f3 a cabo una reuni\u00f3n en la sala audiovisual con alumnas y alumnos de esta carrera, contando con la distinguida participaci\u00f3n del Colegio de Contadores P\u00fablicos del Sur de Tamaulipas, A.C., a trav\u00e9s de su Comisi\u00f3n de J\u00f3venes IMCP Tampico.<\/p>\n\n\n\n<p>El evento dio inicio con la bienvenida de la Jefa de Divisi\u00f3n, quien destac\u00f3 la importancia de estrechar lazos con el gremio profesional y agradeci\u00f3 la presencia de autoridades acad\u00e9micas, docentes y estudiantes de los diferentes semestres, en modalidad escolarizada y semiescolarizada.<\/p>\n\n\n\n<p>Durante la jornada se cont\u00f3 con la presencia del C.P.C. Rodolfo P\u00e9rez V\u00e1zquez, Presidente del Colegio de Contadores P\u00fablicos del Sur de Tamaulipas; as\u00ed como de integrantes de la Mesa Directiva de J\u00f3venes IMCP Tampico: Leidy Jamileth Hern\u00e1ndez Amadeo, Presidenta de la Comisi\u00f3n; \u00c1ngel Josel Saucedo Ahumada, Secretario; y Cecilia S\u00e1nchez Gallegos, 2da Vocal.<\/p>\n\n\n\n<p>En representaci\u00f3n del Instituto, estuvieron presentes el Lic. Joseph Cruz Mart\u00ednez, Director General del ITSP; la Mtra. Argia Lili Paz Molina, Directora Acad\u00e9mica; el Ing. Taurino Vargas Platas, Subdirector de Vinculaci\u00f3n; adem\u00e1s de docentes de la Academia de Contador P\u00fablico.<\/p>\n\n\n\n<div class=\"wp-block-columns is-layout-flex wp-container-core-columns-is-layout-9d6595d7 wp-block-columns-is-layout-flex\">\n<div class=\"wp-block-column is-layout-flow wp-block-column-is-layout-flow\">\n<figure class=\"wp-block-image size-large\"><img loading=\"lazy\" decoding=\"async\" width=\"1024\" height=\"572\" src=\"https:\/\/vocesdeveracruz.com.mx\/wp-content\/uploads\/2025\/09\/554195428_823801387275454_3748063224094402529_n-1024x572.jpg\" alt=\"\" class=\"wp-image-3929\" srcset=\"https:\/\/vocesdeveracruz.com.mx\/wp-content\/uploads\/2025\/09\/554195428_823801387275454_3748063224094402529_n-1024x572.jpg 1024w, https:\/\/vocesdeveracruz.com.mx\/wp-content\/uploads\/2025\/09\/554195428_823801387275454_3748063224094402529_n-300x167.jpg 300w, https:\/\/vocesdeveracruz.com.mx\/wp-content\/uploads\/2025\/09\/554195428_823801387275454_3748063224094402529_n-768x429.jpg 768w, https:\/\/vocesdeveracruz.com.mx\/wp-content\/uploads\/2025\/09\/554195428_823801387275454_3748063224094402529_n-1536x857.jpg 1536w, https:\/\/vocesdeveracruz.com.mx\/wp-content\/uploads\/2025\/09\/554195428_823801387275454_3748063224094402529_n.jpg 2048w\" sizes=\"auto, (max-width: 1024px) 100vw, 1024px\" \/><\/figure>\n<\/div>\n\n\n\n<div class=\"wp-block-column is-layout-flow wp-block-column-is-layout-flow\">\n<figure class=\"wp-block-image size-large\"><img loading=\"lazy\" decoding=\"async\" width=\"1024\" height=\"567\" src=\"https:\/\/vocesdeveracruz.com.mx\/wp-content\/uploads\/2025\/09\/555618480_823801507275442_6363365499508699862_n-1024x567.jpg\" alt=\"\" class=\"wp-image-3930\" srcset=\"https:\/\/vocesdeveracruz.com.mx\/wp-content\/uploads\/2025\/09\/555618480_823801507275442_6363365499508699862_n-1024x567.jpg 1024w, https:\/\/vocesdeveracruz.com.mx\/wp-content\/uploads\/2025\/09\/555618480_823801507275442_6363365499508699862_n-300x166.jpg 300w, https:\/\/vocesdeveracruz.com.mx\/wp-content\/uploads\/2025\/09\/555618480_823801507275442_6363365499508699862_n-768x425.jpg 768w, https:\/\/vocesdeveracruz.com.mx\/wp-content\/uploads\/2025\/09\/555618480_823801507275442_6363365499508699862_n-1536x851.jpg 1536w, https:\/\/vocesdeveracruz.com.mx\/wp-content\/uploads\/2025\/09\/555618480_823801507275442_6363365499508699862_n.jpg 2048w\" sizes=\"auto, (max-width: 1024px) 100vw, 1024px\" \/><\/figure>\n<\/div>\n\n\n\n<div class=\"wp-block-column is-layout-flow wp-block-column-is-layout-flow\">\n<figure class=\"wp-block-image size-large\"><img loading=\"lazy\" decoding=\"async\" width=\"1024\" height=\"569\" src=\"https:\/\/vocesdeveracruz.com.mx\/wp-content\/uploads\/2025\/09\/554763879_823801437275449_8841080632095488033_n-1024x569.jpg\" alt=\"\" class=\"wp-image-3931\" srcset=\"https:\/\/vocesdeveracruz.com.mx\/wp-content\/uploads\/2025\/09\/554763879_823801437275449_8841080632095488033_n-1024x569.jpg 1024w, https:\/\/vocesdeveracruz.com.mx\/wp-content\/uploads\/2025\/09\/554763879_823801437275449_8841080632095488033_n-300x167.jpg 300w, https:\/\/vocesdeveracruz.com.mx\/wp-content\/uploads\/2025\/09\/554763879_823801437275449_8841080632095488033_n-768x426.jpg 768w, https:\/\/vocesdeveracruz.com.mx\/wp-content\/uploads\/2025\/09\/554763879_823801437275449_8841080632095488033_n-1536x853.jpg 1536w, https:\/\/vocesdeveracruz.com.mx\/wp-content\/uploads\/2025\/09\/554763879_823801437275449_8841080632095488033_n.jpg 2048w\" sizes=\"auto, (max-width: 1024px) 100vw, 1024px\" \/><\/figure>\n<\/div>\n<\/div>\n\n\n\n<p>Como parte del programa, el Director General del ITSP, Lic. Joseph Cruz Mart\u00ednez, ofreci\u00f3 un mensaje institucional de bienvenida, destacando la relevancia de estos espacios para la formaci\u00f3n integral de los estudiantes.<\/p>\n\n\n\n<p>Posteriormente, se realiz\u00f3 la presentaci\u00f3n oficial del C.P.C. Rodolfo P\u00e9rez V\u00e1zquez, quien imparti\u00f3 una pl\u00e1tica sobre la actualizaci\u00f3n de las Normas de Informaci\u00f3n de Sostenibilidad (NIS A1 y NIS B1), tema de gran trascendencia en el \u00e1mbito contable y de gran utilidad para los futuros profesionistas.<\/p>\n\n\n\n<p>Con este encuentro, el TecNM Campus P\u00e1nuco reafirma su compromiso de promover actividades acad\u00e9micas que fortalezcan la vinculaci\u00f3n con organismos profesionales, contribuyendo a una formaci\u00f3n m\u00e1s s\u00f3lida y actualizada de sus estudiantes de Contador P\u00fablico.<a href=\"https:\/\/www.panuco.tecnm.mx\/author\/comunicacion\/\"><\/a><\/p>\n","protected":false},"excerpt":{"rendered":"<p>P\u00e1nuco, Ver. \u2013 La Academia de Contador P\u00fablico del TecNM Campus P\u00e1nuco llev\u00f3 a cabo una reuni\u00f3n en la sala audiovisual con alumnas y alumnos de esta carrera, contando con&hellip;<\/p>\n","protected":false},"author":1,"featured_media":3928,"comment_status":"open","ping_status":"closed","sticky":false,"template":"","format":"standard","meta":{"footnotes":""},"categories":[72],"tags":[],"class_list":["post-3926","post","type-post","status-publish","format-standard","has-post-thumbnail","hentry","category-local"],"magazineBlocksPostFeaturedMedia":{"thumbnail":"https:\/\/vocesdeveracruz.com.mx\/wp-content\/uploads\/2025\/09\/554871922_823801390608787_8444870379866399959_n-150x150.jpg","medium":"https:\/\/vocesdeveracruz.com.mx\/wp-content\/uploads\/2025\/09\/554871922_823801390608787_8444870379866399959_n-300x145.jpg","medium_large":"https:\/\/vocesdeveracruz.com.mx\/wp-content\/uploads\/2025\/09\/554871922_823801390608787_8444870379866399959_n-768x371.jpg","large":"https:\/\/vocesdeveracruz.com.mx\/wp-content\/uploads\/2025\/09\/554871922_823801390608787_8444870379866399959_n-1024x495.jpg","1536x1536":"https:\/\/vocesdeveracruz.com.mx\/wp-content\/uploads\/2025\/09\/554871922_823801390608787_8444870379866399959_n-1536x743.jpg","2048x2048":"https:\/\/vocesdeveracruz.com.mx\/wp-content\/uploads\/2025\/09\/554871922_823801390608787_8444870379866399959_n.jpg"},"magazineBlocksPostAuthor":{"name":"admin","avatar":"https:\/\/secure.gravatar.com\/avatar\/9d5013f9042ef2dfeb4122e9609da41e1858252ad644b84f2ec3a64ab59cceaf?s=96&d=mm&r=g"},"magazineBlocksPostCommentsNumber":"0","magazineBlocksPostExcerpt":"P\u00e1nuco, Ver. \u2013 La Academia de Contador P\u00fablico del TecNM Campus P\u00e1nuco llev\u00f3 a cabo una reuni\u00f3n en la sala audiovisual con alumnas y alumnos de esta carrera, contando con&hellip;","magazineBlocksPostCategories":["LOCAL"],"magazineBlocksPostViewCount":276,"magazineBlocksPostReadTime":2,"magazine_blocks_featured_image_url":{"full":["https:\/\/vocesdeveracruz.com.mx\/wp-content\/uploads\/2025\/09\/554871922_823801390608787_8444870379866399959_n.jpg",2048,990,false],"medium":["https:\/\/vocesdeveracruz.com.mx\/wp-content\/uploads\/2025\/09\/554871922_823801390608787_8444870379866399959_n-300x145.jpg",300,145,true],"thumbnail":["https:\/\/vocesdeveracruz.com.mx\/wp-content\/uploads\/2025\/09\/554871922_823801390608787_8444870379866399959_n-150x150.jpg",150,150,true]},"magazine_blocks_author":{"display_name":"admin","author_link":"https:\/\/vocesdeveracruz.com.mx\/?author=1"},"magazine_blocks_comment":0,"magazine_blocks_author_image":"https:\/\/secure.gravatar.com\/avatar\/9d5013f9042ef2dfeb4122e9609da41e1858252ad644b84f2ec3a64ab59cceaf?s=96&d=mm&r=g","magazine_blocks_category":"<a href=\"https:\/\/vocesdeveracruz.com.mx\/?cat=72\" rel=\"category\">LOCAL<\/a>","_links":{"self":[{"href":"https:\/\/vocesdeveracruz.com.mx\/index.php?rest_route=\/wp\/v2\/posts\/3926","targetHints":{"allow":["GET"]}}],"collection":[{"href":"https:\/\/vocesdeveracruz.com.mx\/index.php?rest_route=\/wp\/v2\/posts"}],"about":[{"href":"https:\/\/vocesdeveracruz.com.mx\/index.php?rest_route=\/wp\/v2\/types\/post"}],"author":[{"embeddable":true,"href":"https:\/\/vocesdeveracruz.com.mx\/index.php?rest_route=\/wp\/v2\/users\/1"}],"replies":[{"embeddable":true,"href":"https:\/\/vocesdeveracruz.com.mx\/index.php?rest_route=%2Fwp%2Fv2%2Fcomments&post=3926"}],"version-history":[{"count":1,"href":"https:\/\/vocesdeveracruz.com.mx\/index.php?rest_route=\/wp\/v2\/posts\/3926\/revisions"}],"predecessor-version":[{"id":3932,"href":"https:\/\/vocesdeveracruz.com.mx\/index.php?rest_route=\/wp\/v2\/posts\/3926\/revisions\/3932"}],"wp:featuredmedia":[{"embeddable":true,"href":"https:\/\/vocesdeveracruz.com.mx\/index.php?rest_route=\/wp\/v2\/media\/3928"}],"wp:attachment":[{"href":"https:\/\/vocesdeveracruz.com.mx\/index.php?rest_route=%2Fwp%2Fv2%2Fmedia&parent=3926"}],"wp:term":[{"taxonomy":"category","embeddable":true,"href":"https:\/\/vocesdeveracruz.com.mx\/index.php?rest_route=%2Fwp%2Fv2%2Fcategories&post=3926"},{"taxonomy":"post_tag","embeddable":true,"href":"https:\/\/vocesdeveracruz.com.mx\/index.php?rest_route=%2Fwp%2Fv2%2Ftags&post=3926"}],"curies":[{"name":"wp","href":"https:\/\/api.w.org\/{rel}","templated":true}]}}