{"id":3884,"date":"2025-09-25T15:44:52","date_gmt":"2025-09-25T21:44:52","guid":{"rendered":"https:\/\/vocesdeveracruz.com.mx\/?p=3884"},"modified":"2025-09-25T15:44:52","modified_gmt":"2025-09-25T21:44:52","slug":"cfe-anuncia-suspension-de-energia-electrica-para-manana-26-en-panuco-y-comunidades","status":"publish","type":"post","link":"https:\/\/vocesdeveracruz.com.mx\/?p=3884","title":{"rendered":"CFE anuncia suspensi\u00f3n de energ\u00eda el\u00e9ctrica para ma\u00f1ana 26 en P\u00e1nuco y comunidades"},"content":{"rendered":"\n<p><\/p>\n\n\n\n<p>P\u00e1nuco, Ver. \u2014 La Comisi\u00f3n Federal de Electricidad (CFE), a trav\u00e9s de la Divisi\u00f3n Golfo Centro, Zona Tampico, inform\u00f3 que este viernes 26 de septiembre se llevar\u00e1 a cabo una suspensi\u00f3n temporal del servicio de energ\u00eda el\u00e9ctrica en varias localidades.<\/p>\n\n\n\n<p>De acuerdo con el aviso oficial, el corte se realizar\u00e1 en un horario de 10:00 de la ma\u00f1ana a 6:00 de la tarde, debido a trabajos de mantenimiento en las l\u00edneas y redes de distribuci\u00f3n, con el objetivo de mejorar la calidad del servicio.<\/p>\n\n\n\n<p>Las poblaciones que se ver\u00e1n afectadas son: Mahuaves, \u00c1lamo, Buena Vista P, Paso Real y la cabecera municipal de P\u00e1nuco, Veracruz.<\/p>\n\n\n\n<figure class=\"wp-block-image size-large is-resized\"><img loading=\"lazy\" decoding=\"async\" width=\"840\" height=\"1024\" src=\"https:\/\/vocesdeveracruz.com.mx\/wp-content\/uploads\/2025\/09\/3c846215-c5ae-49d3-8c96-9b12775cf2b6-840x1024.jpg\" alt=\"\" class=\"wp-image-3886\" style=\"width:484px;height:auto\" srcset=\"https:\/\/vocesdeveracruz.com.mx\/wp-content\/uploads\/2025\/09\/3c846215-c5ae-49d3-8c96-9b12775cf2b6-840x1024.jpg 840w, https:\/\/vocesdeveracruz.com.mx\/wp-content\/uploads\/2025\/09\/3c846215-c5ae-49d3-8c96-9b12775cf2b6-246x300.jpg 246w, https:\/\/vocesdeveracruz.com.mx\/wp-content\/uploads\/2025\/09\/3c846215-c5ae-49d3-8c96-9b12775cf2b6-768x936.jpg 768w, https:\/\/vocesdeveracruz.com.mx\/wp-content\/uploads\/2025\/09\/3c846215-c5ae-49d3-8c96-9b12775cf2b6.jpg 1080w\" sizes=\"auto, (max-width: 840px) 100vw, 840px\" \/><\/figure>\n\n\n\n<p>La CFE se\u00f1al\u00f3 que, en caso de que los trabajos concluyan antes de lo previsto, el servicio de energ\u00eda el\u00e9ctrica ser\u00e1 restablecido de inmediato sin previo aviso.<\/p>\n\n\n\n<p>Por \u00faltimo, exhort\u00f3 a los usuarios a tomar las precauciones necesarias durante el tiempo de interrupci\u00f3n.<\/p>\n","protected":false},"excerpt":{"rendered":"<p>P\u00e1nuco, Ver. \u2014 La Comisi\u00f3n Federal de Electricidad (CFE), a trav\u00e9s de la Divisi\u00f3n Golfo Centro, Zona Tampico, inform\u00f3 que este viernes 26 de septiembre se llevar\u00e1 a cabo una&hellip;<\/p>\n","protected":false},"author":1,"featured_media":3885,"comment_status":"open","ping_status":"closed","sticky":false,"template":"","format":"standard","meta":{"footnotes":""},"categories":[72],"tags":[],"class_list":["post-3884","post","type-post","status-publish","format-standard","has-post-thumbnail","hentry","category-local"],"magazineBlocksPostFeaturedMedia":{"thumbnail":"https:\/\/vocesdeveracruz.com.mx\/wp-content\/uploads\/2025\/09\/BOLETIN-SEDENER-CONTINUA-CFE-PROGRAMA-DE-SUSTITUCION-DE-TRANSFORMADORES-EN-LOCALIDADES-DE-CENTRO-18052022-13-150x150.jpg","medium":"https:\/\/vocesdeveracruz.com.mx\/wp-content\/uploads\/2025\/09\/BOLETIN-SEDENER-CONTINUA-CFE-PROGRAMA-DE-SUSTITUCION-DE-TRANSFORMADORES-EN-LOCALIDADES-DE-CENTRO-18052022-13-300x169.jpg","medium_large":"https:\/\/vocesdeveracruz.com.mx\/wp-content\/uploads\/2025\/09\/BOLETIN-SEDENER-CONTINUA-CFE-PROGRAMA-DE-SUSTITUCION-DE-TRANSFORMADORES-EN-LOCALIDADES-DE-CENTRO-18052022-13.jpg","large":"https:\/\/vocesdeveracruz.com.mx\/wp-content\/uploads\/2025\/09\/BOLETIN-SEDENER-CONTINUA-CFE-PROGRAMA-DE-SUSTITUCION-DE-TRANSFORMADORES-EN-LOCALIDADES-DE-CENTRO-18052022-13.jpg","1536x1536":"https:\/\/vocesdeveracruz.com.mx\/wp-content\/uploads\/2025\/09\/BOLETIN-SEDENER-CONTINUA-CFE-PROGRAMA-DE-SUSTITUCION-DE-TRANSFORMADORES-EN-LOCALIDADES-DE-CENTRO-18052022-13.jpg","2048x2048":"https:\/\/vocesdeveracruz.com.mx\/wp-content\/uploads\/2025\/09\/BOLETIN-SEDENER-CONTINUA-CFE-PROGRAMA-DE-SUSTITUCION-DE-TRANSFORMADORES-EN-LOCALIDADES-DE-CENTRO-18052022-13.jpg"},"magazineBlocksPostAuthor":{"name":"admin","avatar":"https:\/\/secure.gravatar.com\/avatar\/9d5013f9042ef2dfeb4122e9609da41e1858252ad644b84f2ec3a64ab59cceaf?s=96&d=mm&r=g"},"magazineBlocksPostCommentsNumber":"0","magazineBlocksPostExcerpt":"P\u00e1nuco, Ver. \u2014 La Comisi\u00f3n Federal de Electricidad (CFE), a trav\u00e9s de la Divisi\u00f3n Golfo Centro, Zona Tampico, inform\u00f3 que este viernes 26 de septiembre se llevar\u00e1 a cabo una&hellip;","magazineBlocksPostCategories":["LOCAL"],"magazineBlocksPostViewCount":78,"magazineBlocksPostReadTime":1,"magazine_blocks_featured_image_url":{"full":["https:\/\/vocesdeveracruz.com.mx\/wp-content\/uploads\/2025\/09\/BOLETIN-SEDENER-CONTINUA-CFE-PROGRAMA-DE-SUSTITUCION-DE-TRANSFORMADORES-EN-LOCALIDADES-DE-CENTRO-18052022-13.jpg",640,360,false],"medium":["https:\/\/vocesdeveracruz.com.mx\/wp-content\/uploads\/2025\/09\/BOLETIN-SEDENER-CONTINUA-CFE-PROGRAMA-DE-SUSTITUCION-DE-TRANSFORMADORES-EN-LOCALIDADES-DE-CENTRO-18052022-13-300x169.jpg",300,169,true],"thumbnail":["https:\/\/vocesdeveracruz.com.mx\/wp-content\/uploads\/2025\/09\/BOLETIN-SEDENER-CONTINUA-CFE-PROGRAMA-DE-SUSTITUCION-DE-TRANSFORMADORES-EN-LOCALIDADES-DE-CENTRO-18052022-13-150x150.jpg",150,150,true]},"magazine_blocks_author":{"display_name":"admin","author_link":"https:\/\/vocesdeveracruz.com.mx\/?author=1"},"magazine_blocks_comment":0,"magazine_blocks_author_image":"https:\/\/secure.gravatar.com\/avatar\/9d5013f9042ef2dfeb4122e9609da41e1858252ad644b84f2ec3a64ab59cceaf?s=96&d=mm&r=g","magazine_blocks_category":"<a href=\"https:\/\/vocesdeveracruz.com.mx\/?cat=72\" rel=\"category\">LOCAL<\/a>","_links":{"self":[{"href":"https:\/\/vocesdeveracruz.com.mx\/index.php?rest_route=\/wp\/v2\/posts\/3884","targetHints":{"allow":["GET"]}}],"collection":[{"href":"https:\/\/vocesdeveracruz.com.mx\/index.php?rest_route=\/wp\/v2\/posts"}],"about":[{"href":"https:\/\/vocesdeveracruz.com.mx\/index.php?rest_route=\/wp\/v2\/types\/post"}],"author":[{"embeddable":true,"href":"https:\/\/vocesdeveracruz.com.mx\/index.php?rest_route=\/wp\/v2\/users\/1"}],"replies":[{"embeddable":true,"href":"https:\/\/vocesdeveracruz.com.mx\/index.php?rest_route=%2Fwp%2Fv2%2Fcomments&post=3884"}],"version-history":[{"count":1,"href":"https:\/\/vocesdeveracruz.com.mx\/index.php?rest_route=\/wp\/v2\/posts\/3884\/revisions"}],"predecessor-version":[{"id":3887,"href":"https:\/\/vocesdeveracruz.com.mx\/index.php?rest_route=\/wp\/v2\/posts\/3884\/revisions\/3887"}],"wp:featuredmedia":[{"embeddable":true,"href":"https:\/\/vocesdeveracruz.com.mx\/index.php?rest_route=\/wp\/v2\/media\/3885"}],"wp:attachment":[{"href":"https:\/\/vocesdeveracruz.com.mx\/index.php?rest_route=%2Fwp%2Fv2%2Fmedia&parent=3884"}],"wp:term":[{"taxonomy":"category","embeddable":true,"href":"https:\/\/vocesdeveracruz.com.mx\/index.php?rest_route=%2Fwp%2Fv2%2Fcategories&post=3884"},{"taxonomy":"post_tag","embeddable":true,"href":"https:\/\/vocesdeveracruz.com.mx\/index.php?rest_route=%2Fwp%2Fv2%2Ftags&post=3884"}],"curies":[{"name":"wp","href":"https:\/\/api.w.org\/{rel}","templated":true}]}}