{"id":3874,"date":"2025-09-25T11:10:45","date_gmt":"2025-09-25T17:10:45","guid":{"rendered":"https:\/\/vocesdeveracruz.com.mx\/?p=3874"},"modified":"2025-09-25T11:10:45","modified_gmt":"2025-09-25T17:10:45","slug":"tecnm-campus-panuco-participo-en-el-segundo-simulacro-nacional-2025","status":"publish","type":"post","link":"https:\/\/vocesdeveracruz.com.mx\/?p=3874","title":{"rendered":"TecNM Campus P\u00e1nuco particip\u00f3 en el segundo simulacro nacional 2025"},"content":{"rendered":"\n<p><\/p>\n\n\n\n<p>P\u00e1nuco, Ver. \u2013 El TecNM Campus P\u00e1nuco se sum\u00f3 al Segundo Simulacro Nacional 2025, realizado el pasado viernes 19 de septiembre a las 12:00 p.m., en el que participaron instituciones y ciudadan\u00eda de todo el pa\u00eds.<\/p>\n\n\n\n<p>En esta ocasi\u00f3n, el ejercicio se desarroll\u00f3 bajo la hip\u00f3tesis de un sismo de magnitud 8.1 grados en la escala de Richter, con el prop\u00f3sito de fortalecer la cultura de prevenci\u00f3n y la capacidad de respuesta ante emergencias, organizado de manera correcta por el equipo de Protecci\u00f3n Civil del plantel.<\/p>\n\n\n\n<div class=\"wp-block-columns is-layout-flex wp-container-core-columns-is-layout-9d6595d7 wp-block-columns-is-layout-flex\">\n<div class=\"wp-block-column is-layout-flow wp-block-column-is-layout-flow\">\n<figure class=\"wp-block-image size-large\"><img loading=\"lazy\" decoding=\"async\" width=\"1024\" height=\"569\" src=\"https:\/\/vocesdeveracruz.com.mx\/wp-content\/uploads\/2025\/09\/553222058_823730027282590_4405600406059563346_n-1024x569.jpg\" alt=\"\" class=\"wp-image-3876\" srcset=\"https:\/\/vocesdeveracruz.com.mx\/wp-content\/uploads\/2025\/09\/553222058_823730027282590_4405600406059563346_n-1024x569.jpg 1024w, https:\/\/vocesdeveracruz.com.mx\/wp-content\/uploads\/2025\/09\/553222058_823730027282590_4405600406059563346_n-300x167.jpg 300w, https:\/\/vocesdeveracruz.com.mx\/wp-content\/uploads\/2025\/09\/553222058_823730027282590_4405600406059563346_n-768x427.jpg 768w, https:\/\/vocesdeveracruz.com.mx\/wp-content\/uploads\/2025\/09\/553222058_823730027282590_4405600406059563346_n-1536x854.jpg 1536w, https:\/\/vocesdeveracruz.com.mx\/wp-content\/uploads\/2025\/09\/553222058_823730027282590_4405600406059563346_n.jpg 2048w\" sizes=\"auto, (max-width: 1024px) 100vw, 1024px\" \/><\/figure>\n<\/div>\n\n\n\n<div class=\"wp-block-column is-layout-flow wp-block-column-is-layout-flow\">\n<figure class=\"wp-block-image size-large\"><img loading=\"lazy\" decoding=\"async\" width=\"1024\" height=\"568\" src=\"https:\/\/vocesdeveracruz.com.mx\/wp-content\/uploads\/2025\/09\/553865072_823729573949302_1516424668573747215_n-1024x568.jpg\" alt=\"\" class=\"wp-image-3877\" srcset=\"https:\/\/vocesdeveracruz.com.mx\/wp-content\/uploads\/2025\/09\/553865072_823729573949302_1516424668573747215_n-1024x568.jpg 1024w, https:\/\/vocesdeveracruz.com.mx\/wp-content\/uploads\/2025\/09\/553865072_823729573949302_1516424668573747215_n-300x166.jpg 300w, https:\/\/vocesdeveracruz.com.mx\/wp-content\/uploads\/2025\/09\/553865072_823729573949302_1516424668573747215_n-768x426.jpg 768w, https:\/\/vocesdeveracruz.com.mx\/wp-content\/uploads\/2025\/09\/553865072_823729573949302_1516424668573747215_n-1536x851.jpg 1536w, https:\/\/vocesdeveracruz.com.mx\/wp-content\/uploads\/2025\/09\/553865072_823729573949302_1516424668573747215_n.jpg 2048w\" sizes=\"auto, (max-width: 1024px) 100vw, 1024px\" \/><\/figure>\n<\/div>\n\n\n\n<div class=\"wp-block-column is-layout-flow wp-block-column-is-layout-flow\">\n<figure class=\"wp-block-image size-large\"><img loading=\"lazy\" decoding=\"async\" width=\"1024\" height=\"571\" src=\"https:\/\/vocesdeveracruz.com.mx\/wp-content\/uploads\/2025\/09\/553904791_823729527282640_4180654539843675857_n-1024x571.jpg\" alt=\"\" class=\"wp-image-3878\" srcset=\"https:\/\/vocesdeveracruz.com.mx\/wp-content\/uploads\/2025\/09\/553904791_823729527282640_4180654539843675857_n-1024x571.jpg 1024w, https:\/\/vocesdeveracruz.com.mx\/wp-content\/uploads\/2025\/09\/553904791_823729527282640_4180654539843675857_n-300x167.jpg 300w, https:\/\/vocesdeveracruz.com.mx\/wp-content\/uploads\/2025\/09\/553904791_823729527282640_4180654539843675857_n-768x428.jpg 768w, https:\/\/vocesdeveracruz.com.mx\/wp-content\/uploads\/2025\/09\/553904791_823729527282640_4180654539843675857_n-1536x856.jpg 1536w, https:\/\/vocesdeveracruz.com.mx\/wp-content\/uploads\/2025\/09\/553904791_823729527282640_4180654539843675857_n.jpg 2048w\" sizes=\"auto, (max-width: 1024px) 100vw, 1024px\" \/><\/figure>\n<\/div>\n<\/div>\n\n\n\n<p>Durante el simulacro, las y los participantes recibieron en sus dispositivos m\u00f3viles el mensaje de alerta: \u201cESTO ES UN SIMULACRO\u201d, lo que permiti\u00f3 reforzar la importancia de actuar con responsabilidad y calma en situaciones de riesgo.<\/p>\n\n\n\n<p>Con estas acciones, el TecNM Campus P\u00e1nuco reafirma su compromiso con la seguridad de su comunidad y la construcci\u00f3n de una sociedad m\u00e1s preparada ante desastres naturales.<\/p>\n","protected":false},"excerpt":{"rendered":"<p>P\u00e1nuco, Ver. \u2013 El TecNM Campus P\u00e1nuco se sum\u00f3 al Segundo Simulacro Nacional 2025, realizado el pasado viernes 19 de septiembre a las 12:00 p.m., en el que participaron instituciones&hellip;<\/p>\n","protected":false},"author":1,"featured_media":3875,"comment_status":"open","ping_status":"closed","sticky":false,"template":"","format":"standard","meta":{"footnotes":""},"categories":[72],"tags":[],"class_list":["post-3874","post","type-post","status-publish","format-standard","has-post-thumbnail","hentry","category-local"],"magazineBlocksPostFeaturedMedia":{"thumbnail":"https:\/\/vocesdeveracruz.com.mx\/wp-content\/uploads\/2025\/09\/554430726_823729603949299_9022368732536497849_n-150x150.jpg","medium":"https:\/\/vocesdeveracruz.com.mx\/wp-content\/uploads\/2025\/09\/554430726_823729603949299_9022368732536497849_n-300x168.jpg","medium_large":"https:\/\/vocesdeveracruz.com.mx\/wp-content\/uploads\/2025\/09\/554430726_823729603949299_9022368732536497849_n-768x429.jpg","large":"https:\/\/vocesdeveracruz.com.mx\/wp-content\/uploads\/2025\/09\/554430726_823729603949299_9022368732536497849_n-1024x572.jpg","1536x1536":"https:\/\/vocesdeveracruz.com.mx\/wp-content\/uploads\/2025\/09\/554430726_823729603949299_9022368732536497849_n-1536x858.jpg","2048x2048":"https:\/\/vocesdeveracruz.com.mx\/wp-content\/uploads\/2025\/09\/554430726_823729603949299_9022368732536497849_n.jpg"},"magazineBlocksPostAuthor":{"name":"admin","avatar":"https:\/\/secure.gravatar.com\/avatar\/9d5013f9042ef2dfeb4122e9609da41e1858252ad644b84f2ec3a64ab59cceaf?s=96&d=mm&r=g"},"magazineBlocksPostCommentsNumber":"0","magazineBlocksPostExcerpt":"P\u00e1nuco, Ver. \u2013 El TecNM Campus P\u00e1nuco se sum\u00f3 al Segundo Simulacro Nacional 2025, realizado el pasado viernes 19 de septiembre a las 12:00 p.m., en el que participaron instituciones&hellip;","magazineBlocksPostCategories":["LOCAL"],"magazineBlocksPostViewCount":185,"magazineBlocksPostReadTime":1,"magazine_blocks_featured_image_url":{"full":["https:\/\/vocesdeveracruz.com.mx\/wp-content\/uploads\/2025\/09\/554430726_823729603949299_9022368732536497849_n.jpg",2048,1144,false],"medium":["https:\/\/vocesdeveracruz.com.mx\/wp-content\/uploads\/2025\/09\/554430726_823729603949299_9022368732536497849_n-300x168.jpg",300,168,true],"thumbnail":["https:\/\/vocesdeveracruz.com.mx\/wp-content\/uploads\/2025\/09\/554430726_823729603949299_9022368732536497849_n-150x150.jpg",150,150,true]},"magazine_blocks_author":{"display_name":"admin","author_link":"https:\/\/vocesdeveracruz.com.mx\/?author=1"},"magazine_blocks_comment":0,"magazine_blocks_author_image":"https:\/\/secure.gravatar.com\/avatar\/9d5013f9042ef2dfeb4122e9609da41e1858252ad644b84f2ec3a64ab59cceaf?s=96&d=mm&r=g","magazine_blocks_category":"<a href=\"https:\/\/vocesdeveracruz.com.mx\/?cat=72\" rel=\"category\">LOCAL<\/a>","_links":{"self":[{"href":"https:\/\/vocesdeveracruz.com.mx\/index.php?rest_route=\/wp\/v2\/posts\/3874","targetHints":{"allow":["GET"]}}],"collection":[{"href":"https:\/\/vocesdeveracruz.com.mx\/index.php?rest_route=\/wp\/v2\/posts"}],"about":[{"href":"https:\/\/vocesdeveracruz.com.mx\/index.php?rest_route=\/wp\/v2\/types\/post"}],"author":[{"embeddable":true,"href":"https:\/\/vocesdeveracruz.com.mx\/index.php?rest_route=\/wp\/v2\/users\/1"}],"replies":[{"embeddable":true,"href":"https:\/\/vocesdeveracruz.com.mx\/index.php?rest_route=%2Fwp%2Fv2%2Fcomments&post=3874"}],"version-history":[{"count":1,"href":"https:\/\/vocesdeveracruz.com.mx\/index.php?rest_route=\/wp\/v2\/posts\/3874\/revisions"}],"predecessor-version":[{"id":3879,"href":"https:\/\/vocesdeveracruz.com.mx\/index.php?rest_route=\/wp\/v2\/posts\/3874\/revisions\/3879"}],"wp:featuredmedia":[{"embeddable":true,"href":"https:\/\/vocesdeveracruz.com.mx\/index.php?rest_route=\/wp\/v2\/media\/3875"}],"wp:attachment":[{"href":"https:\/\/vocesdeveracruz.com.mx\/index.php?rest_route=%2Fwp%2Fv2%2Fmedia&parent=3874"}],"wp:term":[{"taxonomy":"category","embeddable":true,"href":"https:\/\/vocesdeveracruz.com.mx\/index.php?rest_route=%2Fwp%2Fv2%2Fcategories&post=3874"},{"taxonomy":"post_tag","embeddable":true,"href":"https:\/\/vocesdeveracruz.com.mx\/index.php?rest_route=%2Fwp%2Fv2%2Ftags&post=3874"}],"curies":[{"name":"wp","href":"https:\/\/api.w.org\/{rel}","templated":true}]}}