{"id":3837,"date":"2025-09-21T10:10:23","date_gmt":"2025-09-21T16:10:23","guid":{"rendered":"https:\/\/vocesdeveracruz.com.mx\/?p=3837"},"modified":"2025-09-21T10:10:23","modified_gmt":"2025-09-21T16:10:23","slug":"tecnm-campus-panuco-reafirma-su-compromiso-con-el-desarrollo-sustentable-y-el-bienestar-animal","status":"publish","type":"post","link":"https:\/\/vocesdeveracruz.com.mx\/?p=3837","title":{"rendered":"TECNM Campus P\u00e1nuco reafirma su compromiso con el desarrollo sustentable y el bienestar animal"},"content":{"rendered":"\n<p><\/p>\n\n\n\n<p><\/p>\n\n\n\n<p><\/p>\n\n\n\n<p><em>P\u00e1nuco, Ver.<\/em> \u2013 Estudiantes de la carrera de Ingenier\u00eda en Sistemas Computacionales del Tecnol\u00f3gico Nacional de M\u00e9xico (TECNM) Campus P\u00e1nuco demostraron su compromiso con el medio ambiente y la protecci\u00f3n de los animales, al realizar una significativa entrega de apoyos al Grupo Civil <em>\u201cHuellitas de Amor y de Esperanza\u201d<\/em>, como parte de los proyectos de la materia de Desarrollo Sustentable que imparte la Mtra. Patricia Hern\u00e1ndez Rodr\u00edguez.<\/p>\n\n\n\n<p>Durante el acto estuvieron presentes la Lic. Prisma Lizbeth Malerva Ponce, la Ing. Perla Lizbeth Malerva Ponce, el Ing. Josu\u00e9 Valdez Morales y la Lic. Claudia Janet Norato del \u00c1ngel, quienes atestiguaron el entusiasmo y dedicaci\u00f3n de los j\u00f3venes.<\/p>\n\n\n\n<figure class=\"wp-block-image size-large\"><img loading=\"lazy\" decoding=\"async\" width=\"1024\" height=\"575\" src=\"https:\/\/vocesdeveracruz.com.mx\/wp-content\/uploads\/2025\/09\/38826-1024x575.jpg\" alt=\"\" class=\"wp-image-3839\" srcset=\"https:\/\/vocesdeveracruz.com.mx\/wp-content\/uploads\/2025\/09\/38826-1024x575.jpg 1024w, https:\/\/vocesdeveracruz.com.mx\/wp-content\/uploads\/2025\/09\/38826-300x168.jpg 300w, https:\/\/vocesdeveracruz.com.mx\/wp-content\/uploads\/2025\/09\/38826-768x431.jpg 768w, https:\/\/vocesdeveracruz.com.mx\/wp-content\/uploads\/2025\/09\/38826-1536x863.jpg 1536w, https:\/\/vocesdeveracruz.com.mx\/wp-content\/uploads\/2025\/09\/38826.jpg 2048w\" sizes=\"auto, (max-width: 1024px) 100vw, 1024px\" \/><\/figure>\n\n\n\n<p>Los estudiantes hicieron entrega de <strong>camitas para mascotas elaboradas con llantas recicladas<\/strong>, fomentando la reutilizaci\u00f3n de materiales y la conciencia ambiental, adem\u00e1s de <strong>leche en polvo para cachorros y alimento para perros<\/strong>, insumos que beneficiar\u00e1n a los animalitos rescatados por esta noble asociaci\u00f3n civil.<\/p>\n\n\n\n<p>El director de esta m\u00e1ximacasadeestudios, <strong>Lic. Joseph Cruz Mart\u00ednez<\/strong>, felicit\u00f3 a los estudiantes por su compromiso social y ambiental, a la vez que invit\u00f3 a toda la comunidad estudiantil y a la ciudadan\u00eda en general a sumarse a esta causa mediante donaciones de alimento, materiales o la participaci\u00f3n en actividades en favor de los animales en situaci\u00f3n de calle.<\/p>\n\n\n\n<p>El TECNM Campus P\u00e1nuco refuerza su misi\u00f3n de formar profesionales comprometidos con el desarrollo sustentable y con sensibilidad hacia las necesidades de la sociedad y el entorno.<\/p>\n\n\n\n<figure class=\"wp-block-image size-large\"><img loading=\"lazy\" decoding=\"async\" width=\"1024\" height=\"577\" src=\"https:\/\/vocesdeveracruz.com.mx\/wp-content\/uploads\/2025\/09\/38825-1024x577.jpg\" alt=\"\" class=\"wp-image-3840\" srcset=\"https:\/\/vocesdeveracruz.com.mx\/wp-content\/uploads\/2025\/09\/38825-1024x577.jpg 1024w, https:\/\/vocesdeveracruz.com.mx\/wp-content\/uploads\/2025\/09\/38825-300x169.jpg 300w, https:\/\/vocesdeveracruz.com.mx\/wp-content\/uploads\/2025\/09\/38825-768x433.jpg 768w, https:\/\/vocesdeveracruz.com.mx\/wp-content\/uploads\/2025\/09\/38825-1536x866.jpg 1536w, https:\/\/vocesdeveracruz.com.mx\/wp-content\/uploads\/2025\/09\/38825.jpg 2048w\" sizes=\"auto, (max-width: 1024px) 100vw, 1024px\" \/><\/figure>\n\n\n\n<p><\/p>\n","protected":false},"excerpt":{"rendered":"<p>P\u00e1nuco, Ver. \u2013 Estudiantes de la carrera de Ingenier\u00eda en Sistemas Computacionales del Tecnol\u00f3gico Nacional de M\u00e9xico (TECNM) Campus P\u00e1nuco demostraron su compromiso con el medio ambiente y la protecci\u00f3n&hellip;<\/p>\n","protected":false},"author":1,"featured_media":3838,"comment_status":"open","ping_status":"closed","sticky":false,"template":"","format":"standard","meta":{"footnotes":""},"categories":[72],"tags":[],"class_list":["post-3837","post","type-post","status-publish","format-standard","has-post-thumbnail","hentry","category-local"],"magazineBlocksPostFeaturedMedia":{"thumbnail":"https:\/\/vocesdeveracruz.com.mx\/wp-content\/uploads\/2025\/09\/FB_IMG_1758470604259-150x150.jpg","medium":"https:\/\/vocesdeveracruz.com.mx\/wp-content\/uploads\/2025\/09\/FB_IMG_1758470604259-300x165.jpg","medium_large":"https:\/\/vocesdeveracruz.com.mx\/wp-content\/uploads\/2025\/09\/FB_IMG_1758470604259-768x422.jpg","large":"https:\/\/vocesdeveracruz.com.mx\/wp-content\/uploads\/2025\/09\/FB_IMG_1758470604259-1024x563.jpg","1536x1536":"https:\/\/vocesdeveracruz.com.mx\/wp-content\/uploads\/2025\/09\/FB_IMG_1758470604259-1536x845.jpg","2048x2048":"https:\/\/vocesdeveracruz.com.mx\/wp-content\/uploads\/2025\/09\/FB_IMG_1758470604259.jpg"},"magazineBlocksPostAuthor":{"name":"admin","avatar":"https:\/\/secure.gravatar.com\/avatar\/9d5013f9042ef2dfeb4122e9609da41e1858252ad644b84f2ec3a64ab59cceaf?s=96&d=mm&r=g"},"magazineBlocksPostCommentsNumber":"0","magazineBlocksPostExcerpt":"P\u00e1nuco, Ver. \u2013 Estudiantes de la carrera de Ingenier\u00eda en Sistemas Computacionales del Tecnol\u00f3gico Nacional de M\u00e9xico (TECNM) Campus P\u00e1nuco demostraron su compromiso con el medio ambiente y la protecci\u00f3n&hellip;","magazineBlocksPostCategories":["LOCAL"],"magazineBlocksPostViewCount":119,"magazineBlocksPostReadTime":2,"magazine_blocks_featured_image_url":{"full":["https:\/\/vocesdeveracruz.com.mx\/wp-content\/uploads\/2025\/09\/FB_IMG_1758470604259.jpg",2048,1126,false],"medium":["https:\/\/vocesdeveracruz.com.mx\/wp-content\/uploads\/2025\/09\/FB_IMG_1758470604259-300x165.jpg",300,165,true],"thumbnail":["https:\/\/vocesdeveracruz.com.mx\/wp-content\/uploads\/2025\/09\/FB_IMG_1758470604259-150x150.jpg",150,150,true]},"magazine_blocks_author":{"display_name":"admin","author_link":"https:\/\/vocesdeveracruz.com.mx\/?author=1"},"magazine_blocks_comment":0,"magazine_blocks_author_image":"https:\/\/secure.gravatar.com\/avatar\/9d5013f9042ef2dfeb4122e9609da41e1858252ad644b84f2ec3a64ab59cceaf?s=96&d=mm&r=g","magazine_blocks_category":"<a href=\"https:\/\/vocesdeveracruz.com.mx\/?cat=72\" rel=\"category\">LOCAL<\/a>","_links":{"self":[{"href":"https:\/\/vocesdeveracruz.com.mx\/index.php?rest_route=\/wp\/v2\/posts\/3837","targetHints":{"allow":["GET"]}}],"collection":[{"href":"https:\/\/vocesdeveracruz.com.mx\/index.php?rest_route=\/wp\/v2\/posts"}],"about":[{"href":"https:\/\/vocesdeveracruz.com.mx\/index.php?rest_route=\/wp\/v2\/types\/post"}],"author":[{"embeddable":true,"href":"https:\/\/vocesdeveracruz.com.mx\/index.php?rest_route=\/wp\/v2\/users\/1"}],"replies":[{"embeddable":true,"href":"https:\/\/vocesdeveracruz.com.mx\/index.php?rest_route=%2Fwp%2Fv2%2Fcomments&post=3837"}],"version-history":[{"count":1,"href":"https:\/\/vocesdeveracruz.com.mx\/index.php?rest_route=\/wp\/v2\/posts\/3837\/revisions"}],"predecessor-version":[{"id":3841,"href":"https:\/\/vocesdeveracruz.com.mx\/index.php?rest_route=\/wp\/v2\/posts\/3837\/revisions\/3841"}],"wp:featuredmedia":[{"embeddable":true,"href":"https:\/\/vocesdeveracruz.com.mx\/index.php?rest_route=\/wp\/v2\/media\/3838"}],"wp:attachment":[{"href":"https:\/\/vocesdeveracruz.com.mx\/index.php?rest_route=%2Fwp%2Fv2%2Fmedia&parent=3837"}],"wp:term":[{"taxonomy":"category","embeddable":true,"href":"https:\/\/vocesdeveracruz.com.mx\/index.php?rest_route=%2Fwp%2Fv2%2Fcategories&post=3837"},{"taxonomy":"post_tag","embeddable":true,"href":"https:\/\/vocesdeveracruz.com.mx\/index.php?rest_route=%2Fwp%2Fv2%2Ftags&post=3837"}],"curies":[{"name":"wp","href":"https:\/\/api.w.org\/{rel}","templated":true}]}}