{"id":3816,"date":"2025-09-19T13:17:46","date_gmt":"2025-09-19T19:17:46","guid":{"rendered":"https:\/\/vocesdeveracruz.com.mx\/?p=3816"},"modified":"2025-09-19T13:17:46","modified_gmt":"2025-09-19T19:17:46","slug":"servicio-aburto-participa-en-el-segundo-simulacro-nacional-como-empresa-socialmente-responsable","status":"publish","type":"post","link":"https:\/\/vocesdeveracruz.com.mx\/?p=3816","title":{"rendered":"Servicio Aburto participa en el Segundo Simulacro Nacional como empresa socialmente responsable"},"content":{"rendered":"\n<p><\/p>\n\n\n\n<p><\/p>\n\n\n\n<p>P\u00e1nuco, Ver.- En el marco del <strong>Segundo Simulacro Nacional 2025<\/strong>, la empresa <strong>Servicio Aburto<\/strong> se sum\u00f3 a este importante ejercicio de prevenci\u00f3n y reacci\u00f3n ante emergencias, reafirmando su compromiso como <strong>empresa socialmente responsable<\/strong>.<\/p>\n\n\n\n<p>Durante la jornada, los colaboradores de la empresa participaron activamente en el simulacro que recre\u00f3 una situaci\u00f3n de emergencia mayor, siguiendo los protocolos establecidos y aplicando los conocimientos adquiridos en las constantes capacitaciones en materia de protecci\u00f3n civil y seguridad.<\/p>\n\n\n\n<p>El personal de <strong>Servicio Aburto<\/strong> se concentr\u00f3 en los puntos de reuni\u00f3n establecidos, al igual que diversas empresas de la zona, demostrando organizaci\u00f3n, disciplina y trabajo en equipo.<\/p>\n\n\n\n<p>Con estas acciones, <strong>Servicio Aburto<\/strong> refrenda su responsabilidad y compromiso con la seguridad de sus colaboradores y clientes, impulsando la cultura de la prevenci\u00f3n y contribuyendo a fortalecer la preparaci\u00f3n de la sociedad frente a posibles contingencias.<\/p>\n","protected":false},"excerpt":{"rendered":"<p>P\u00e1nuco, Ver.- En el marco del Segundo Simulacro Nacional 2025, la empresa Servicio Aburto se sum\u00f3 a este importante ejercicio de prevenci\u00f3n y reacci\u00f3n ante emergencias, reafirmando su compromiso como&hellip;<\/p>\n","protected":false},"author":1,"featured_media":3817,"comment_status":"open","ping_status":"closed","sticky":false,"template":"","format":"standard","meta":{"footnotes":""},"categories":[72],"tags":[],"class_list":["post-3816","post","type-post","status-publish","format-standard","has-post-thumbnail","hentry","category-local"],"magazineBlocksPostFeaturedMedia":{"thumbnail":"https:\/\/vocesdeveracruz.com.mx\/wp-content\/uploads\/2025\/09\/Tantoyuca-es-sede-de-la-cuarta-entrega-del-programa-Apoyo-a-la-Palabra-Pl_20250919_131318_0000-150x150.png","medium":"https:\/\/vocesdeveracruz.com.mx\/wp-content\/uploads\/2025\/09\/Tantoyuca-es-sede-de-la-cuarta-entrega-del-programa-Apoyo-a-la-Palabra-Pl_20250919_131318_0000-300x149.png","medium_large":"https:\/\/vocesdeveracruz.com.mx\/wp-content\/uploads\/2025\/09\/Tantoyuca-es-sede-de-la-cuarta-entrega-del-programa-Apoyo-a-la-Palabra-Pl_20250919_131318_0000-768x383.png","large":"https:\/\/vocesdeveracruz.com.mx\/wp-content\/uploads\/2025\/09\/Tantoyuca-es-sede-de-la-cuarta-entrega-del-programa-Apoyo-a-la-Palabra-Pl_20250919_131318_0000-1024x510.png","1536x1536":"https:\/\/vocesdeveracruz.com.mx\/wp-content\/uploads\/2025\/09\/Tantoyuca-es-sede-de-la-cuarta-entrega-del-programa-Apoyo-a-la-Palabra-Pl_20250919_131318_0000.png","2048x2048":"https:\/\/vocesdeveracruz.com.mx\/wp-content\/uploads\/2025\/09\/Tantoyuca-es-sede-de-la-cuarta-entrega-del-programa-Apoyo-a-la-Palabra-Pl_20250919_131318_0000.png"},"magazineBlocksPostAuthor":{"name":"admin","avatar":"https:\/\/secure.gravatar.com\/avatar\/9d5013f9042ef2dfeb4122e9609da41e1858252ad644b84f2ec3a64ab59cceaf?s=96&d=mm&r=g"},"magazineBlocksPostCommentsNumber":"0","magazineBlocksPostExcerpt":"P\u00e1nuco, Ver.- En el marco del Segundo Simulacro Nacional 2025, la empresa Servicio Aburto se sum\u00f3 a este importante ejercicio de prevenci\u00f3n y reacci\u00f3n ante emergencias, reafirmando su compromiso como&hellip;","magazineBlocksPostCategories":["LOCAL"],"magazineBlocksPostViewCount":122,"magazineBlocksPostReadTime":1,"magazine_blocks_featured_image_url":{"full":["https:\/\/vocesdeveracruz.com.mx\/wp-content\/uploads\/2025\/09\/Tantoyuca-es-sede-de-la-cuarta-entrega-del-programa-Apoyo-a-la-Palabra-Pl_20250919_131318_0000.png",1371,683,false],"medium":["https:\/\/vocesdeveracruz.com.mx\/wp-content\/uploads\/2025\/09\/Tantoyuca-es-sede-de-la-cuarta-entrega-del-programa-Apoyo-a-la-Palabra-Pl_20250919_131318_0000-300x149.png",300,149,true],"thumbnail":["https:\/\/vocesdeveracruz.com.mx\/wp-content\/uploads\/2025\/09\/Tantoyuca-es-sede-de-la-cuarta-entrega-del-programa-Apoyo-a-la-Palabra-Pl_20250919_131318_0000-150x150.png",150,150,true]},"magazine_blocks_author":{"display_name":"admin","author_link":"https:\/\/vocesdeveracruz.com.mx\/?author=1"},"magazine_blocks_comment":0,"magazine_blocks_author_image":"https:\/\/secure.gravatar.com\/avatar\/9d5013f9042ef2dfeb4122e9609da41e1858252ad644b84f2ec3a64ab59cceaf?s=96&d=mm&r=g","magazine_blocks_category":"<a href=\"https:\/\/vocesdeveracruz.com.mx\/?cat=72\" rel=\"category\">LOCAL<\/a>","_links":{"self":[{"href":"https:\/\/vocesdeveracruz.com.mx\/index.php?rest_route=\/wp\/v2\/posts\/3816","targetHints":{"allow":["GET"]}}],"collection":[{"href":"https:\/\/vocesdeveracruz.com.mx\/index.php?rest_route=\/wp\/v2\/posts"}],"about":[{"href":"https:\/\/vocesdeveracruz.com.mx\/index.php?rest_route=\/wp\/v2\/types\/post"}],"author":[{"embeddable":true,"href":"https:\/\/vocesdeveracruz.com.mx\/index.php?rest_route=\/wp\/v2\/users\/1"}],"replies":[{"embeddable":true,"href":"https:\/\/vocesdeveracruz.com.mx\/index.php?rest_route=%2Fwp%2Fv2%2Fcomments&post=3816"}],"version-history":[{"count":1,"href":"https:\/\/vocesdeveracruz.com.mx\/index.php?rest_route=\/wp\/v2\/posts\/3816\/revisions"}],"predecessor-version":[{"id":3818,"href":"https:\/\/vocesdeveracruz.com.mx\/index.php?rest_route=\/wp\/v2\/posts\/3816\/revisions\/3818"}],"wp:featuredmedia":[{"embeddable":true,"href":"https:\/\/vocesdeveracruz.com.mx\/index.php?rest_route=\/wp\/v2\/media\/3817"}],"wp:attachment":[{"href":"https:\/\/vocesdeveracruz.com.mx\/index.php?rest_route=%2Fwp%2Fv2%2Fmedia&parent=3816"}],"wp:term":[{"taxonomy":"category","embeddable":true,"href":"https:\/\/vocesdeveracruz.com.mx\/index.php?rest_route=%2Fwp%2Fv2%2Fcategories&post=3816"},{"taxonomy":"post_tag","embeddable":true,"href":"https:\/\/vocesdeveracruz.com.mx\/index.php?rest_route=%2Fwp%2Fv2%2Ftags&post=3816"}],"curies":[{"name":"wp","href":"https:\/\/api.w.org\/{rel}","templated":true}]}}