{"id":3763,"date":"2025-09-17T12:18:42","date_gmt":"2025-09-17T18:18:42","guid":{"rendered":"https:\/\/vocesdeveracruz.com.mx\/?p=3763"},"modified":"2025-09-17T12:18:42","modified_gmt":"2025-09-17T18:18:42","slug":"realizan-tarde-mexicana-en-el-tecnm-campus-panuco","status":"publish","type":"post","link":"https:\/\/vocesdeveracruz.com.mx\/?p=3763","title":{"rendered":"REALIZAN TARDE MEXICANA EN EL TECNM CAMPUS P\u00c1NUCO"},"content":{"rendered":"\n<p><\/p>\n\n\n\n<p>P\u00e1nuco, Ver. \u2013 As\u00ed se vivi\u00f3 el festejo del D\u00eda de la Independencia en el TecNM Campus P\u00e1nuco, donde las y los alumnos se reunieron el pasado viernes para disfrutar de una Tarde Mexicana llena de color, tradici\u00f3n y alegr\u00eda.<\/p>\n\n\n\n<p>Durante el evento, la comunidad estudiantil celebr\u00f3 con actividades t\u00edpicas, m\u00fasica, antojitos y un ambiente festivo que resalt\u00f3 el orgullo de ser mexicanos. Con gran entusiasmo, se compartieron momentos de convivencia y uni\u00f3n que fortalecen el sentido de identidad y pertenencia dentro del campus.<\/p>\n\n\n\n<p>El TecNM Campus P\u00e1nuco refrenda con estas actividades su compromiso de promover las tradiciones mexicanas y fomentar la integraci\u00f3n entre sus estudiantes, recordando la importancia de mantener vivas las ra\u00edces culturales del pa\u00eds.<\/p>\n\n\n\n<div class=\"wp-block-columns is-layout-flex wp-container-core-columns-is-layout-9d6595d7 wp-block-columns-is-layout-flex\">\n<div class=\"wp-block-column is-layout-flow wp-block-column-is-layout-flow\">\n<figure class=\"wp-block-image size-large\"><img loading=\"lazy\" decoding=\"async\" width=\"1024\" height=\"568\" src=\"https:\/\/vocesdeveracruz.com.mx\/wp-content\/uploads\/2025\/09\/547653032_816908757964717_5785453396925436037_n-1024x568.jpg\" alt=\"\" class=\"wp-image-3765\" srcset=\"https:\/\/vocesdeveracruz.com.mx\/wp-content\/uploads\/2025\/09\/547653032_816908757964717_5785453396925436037_n-1024x568.jpg 1024w, https:\/\/vocesdeveracruz.com.mx\/wp-content\/uploads\/2025\/09\/547653032_816908757964717_5785453396925436037_n-300x166.jpg 300w, https:\/\/vocesdeveracruz.com.mx\/wp-content\/uploads\/2025\/09\/547653032_816908757964717_5785453396925436037_n-768x426.jpg 768w, https:\/\/vocesdeveracruz.com.mx\/wp-content\/uploads\/2025\/09\/547653032_816908757964717_5785453396925436037_n-1536x851.jpg 1536w, https:\/\/vocesdeveracruz.com.mx\/wp-content\/uploads\/2025\/09\/547653032_816908757964717_5785453396925436037_n.jpg 2048w\" sizes=\"auto, (max-width: 1024px) 100vw, 1024px\" \/><\/figure>\n<\/div>\n\n\n\n<div class=\"wp-block-column is-layout-flow wp-block-column-is-layout-flow\">\n<figure class=\"wp-block-image size-large\"><img loading=\"lazy\" decoding=\"async\" width=\"1024\" height=\"560\" src=\"https:\/\/vocesdeveracruz.com.mx\/wp-content\/uploads\/2025\/09\/548325014_816901724632087_7134110377757117046_n-1024x560.jpg\" alt=\"\" class=\"wp-image-3766\" srcset=\"https:\/\/vocesdeveracruz.com.mx\/wp-content\/uploads\/2025\/09\/548325014_816901724632087_7134110377757117046_n-1024x560.jpg 1024w, https:\/\/vocesdeveracruz.com.mx\/wp-content\/uploads\/2025\/09\/548325014_816901724632087_7134110377757117046_n-300x164.jpg 300w, https:\/\/vocesdeveracruz.com.mx\/wp-content\/uploads\/2025\/09\/548325014_816901724632087_7134110377757117046_n-768x420.jpg 768w, https:\/\/vocesdeveracruz.com.mx\/wp-content\/uploads\/2025\/09\/548325014_816901724632087_7134110377757117046_n-1536x840.jpg 1536w, https:\/\/vocesdeveracruz.com.mx\/wp-content\/uploads\/2025\/09\/548325014_816901724632087_7134110377757117046_n.jpg 2048w\" sizes=\"auto, (max-width: 1024px) 100vw, 1024px\" \/><\/figure>\n<\/div>\n\n\n\n<div class=\"wp-block-column is-layout-flow wp-block-column-is-layout-flow\">\n<figure class=\"wp-block-image size-large\"><img loading=\"lazy\" decoding=\"async\" width=\"1024\" height=\"569\" src=\"https:\/\/vocesdeveracruz.com.mx\/wp-content\/uploads\/2025\/09\/549190055_816900834632176_1776728545345523958_n-1024x569.jpg\" alt=\"\" class=\"wp-image-3767\" srcset=\"https:\/\/vocesdeveracruz.com.mx\/wp-content\/uploads\/2025\/09\/549190055_816900834632176_1776728545345523958_n-1024x569.jpg 1024w, https:\/\/vocesdeveracruz.com.mx\/wp-content\/uploads\/2025\/09\/549190055_816900834632176_1776728545345523958_n-300x167.jpg 300w, https:\/\/vocesdeveracruz.com.mx\/wp-content\/uploads\/2025\/09\/549190055_816900834632176_1776728545345523958_n-768x427.jpg 768w, https:\/\/vocesdeveracruz.com.mx\/wp-content\/uploads\/2025\/09\/549190055_816900834632176_1776728545345523958_n-1536x854.jpg 1536w, https:\/\/vocesdeveracruz.com.mx\/wp-content\/uploads\/2025\/09\/549190055_816900834632176_1776728545345523958_n.jpg 2048w\" sizes=\"auto, (max-width: 1024px) 100vw, 1024px\" \/><\/figure>\n<\/div>\n<\/div>\n","protected":false},"excerpt":{"rendered":"<p>P\u00e1nuco, Ver. \u2013 As\u00ed se vivi\u00f3 el festejo del D\u00eda de la Independencia en el TecNM Campus P\u00e1nuco, donde las y los alumnos se reunieron el pasado viernes para disfrutar&hellip;<\/p>\n","protected":false},"author":1,"featured_media":3764,"comment_status":"open","ping_status":"closed","sticky":false,"template":"","format":"standard","meta":{"footnotes":""},"categories":[72],"tags":[],"class_list":["post-3763","post","type-post","status-publish","format-standard","has-post-thumbnail","hentry","category-local"],"magazineBlocksPostFeaturedMedia":{"thumbnail":"https:\/\/vocesdeveracruz.com.mx\/wp-content\/uploads\/2025\/09\/549184284_816899661298960_1476414234235091748_n-150x150.jpg","medium":"https:\/\/vocesdeveracruz.com.mx\/wp-content\/uploads\/2025\/09\/549184284_816899661298960_1476414234235091748_n-300x166.jpg","medium_large":"https:\/\/vocesdeveracruz.com.mx\/wp-content\/uploads\/2025\/09\/549184284_816899661298960_1476414234235091748_n-768x425.jpg","large":"https:\/\/vocesdeveracruz.com.mx\/wp-content\/uploads\/2025\/09\/549184284_816899661298960_1476414234235091748_n-1024x566.jpg","1536x1536":"https:\/\/vocesdeveracruz.com.mx\/wp-content\/uploads\/2025\/09\/549184284_816899661298960_1476414234235091748_n-1536x849.jpg","2048x2048":"https:\/\/vocesdeveracruz.com.mx\/wp-content\/uploads\/2025\/09\/549184284_816899661298960_1476414234235091748_n.jpg"},"magazineBlocksPostAuthor":{"name":"admin","avatar":"https:\/\/secure.gravatar.com\/avatar\/9d5013f9042ef2dfeb4122e9609da41e1858252ad644b84f2ec3a64ab59cceaf?s=96&d=mm&r=g"},"magazineBlocksPostCommentsNumber":"0","magazineBlocksPostExcerpt":"P\u00e1nuco, Ver. \u2013 As\u00ed se vivi\u00f3 el festejo del D\u00eda de la Independencia en el TecNM Campus P\u00e1nuco, donde las y los alumnos se reunieron el pasado viernes para disfrutar&hellip;","magazineBlocksPostCategories":["LOCAL"],"magazineBlocksPostViewCount":84,"magazineBlocksPostReadTime":1,"magazine_blocks_featured_image_url":{"full":["https:\/\/vocesdeveracruz.com.mx\/wp-content\/uploads\/2025\/09\/549184284_816899661298960_1476414234235091748_n.jpg",2048,1132,false],"medium":["https:\/\/vocesdeveracruz.com.mx\/wp-content\/uploads\/2025\/09\/549184284_816899661298960_1476414234235091748_n-300x166.jpg",300,166,true],"thumbnail":["https:\/\/vocesdeveracruz.com.mx\/wp-content\/uploads\/2025\/09\/549184284_816899661298960_1476414234235091748_n-150x150.jpg",150,150,true]},"magazine_blocks_author":{"display_name":"admin","author_link":"https:\/\/vocesdeveracruz.com.mx\/?author=1"},"magazine_blocks_comment":0,"magazine_blocks_author_image":"https:\/\/secure.gravatar.com\/avatar\/9d5013f9042ef2dfeb4122e9609da41e1858252ad644b84f2ec3a64ab59cceaf?s=96&d=mm&r=g","magazine_blocks_category":"<a href=\"https:\/\/vocesdeveracruz.com.mx\/?cat=72\" rel=\"category\">LOCAL<\/a>","_links":{"self":[{"href":"https:\/\/vocesdeveracruz.com.mx\/index.php?rest_route=\/wp\/v2\/posts\/3763","targetHints":{"allow":["GET"]}}],"collection":[{"href":"https:\/\/vocesdeveracruz.com.mx\/index.php?rest_route=\/wp\/v2\/posts"}],"about":[{"href":"https:\/\/vocesdeveracruz.com.mx\/index.php?rest_route=\/wp\/v2\/types\/post"}],"author":[{"embeddable":true,"href":"https:\/\/vocesdeveracruz.com.mx\/index.php?rest_route=\/wp\/v2\/users\/1"}],"replies":[{"embeddable":true,"href":"https:\/\/vocesdeveracruz.com.mx\/index.php?rest_route=%2Fwp%2Fv2%2Fcomments&post=3763"}],"version-history":[{"count":1,"href":"https:\/\/vocesdeveracruz.com.mx\/index.php?rest_route=\/wp\/v2\/posts\/3763\/revisions"}],"predecessor-version":[{"id":3768,"href":"https:\/\/vocesdeveracruz.com.mx\/index.php?rest_route=\/wp\/v2\/posts\/3763\/revisions\/3768"}],"wp:featuredmedia":[{"embeddable":true,"href":"https:\/\/vocesdeveracruz.com.mx\/index.php?rest_route=\/wp\/v2\/media\/3764"}],"wp:attachment":[{"href":"https:\/\/vocesdeveracruz.com.mx\/index.php?rest_route=%2Fwp%2Fv2%2Fmedia&parent=3763"}],"wp:term":[{"taxonomy":"category","embeddable":true,"href":"https:\/\/vocesdeveracruz.com.mx\/index.php?rest_route=%2Fwp%2Fv2%2Fcategories&post=3763"},{"taxonomy":"post_tag","embeddable":true,"href":"https:\/\/vocesdeveracruz.com.mx\/index.php?rest_route=%2Fwp%2Fv2%2Ftags&post=3763"}],"curies":[{"name":"wp","href":"https:\/\/api.w.org\/{rel}","templated":true}]}}