{"id":3752,"date":"2025-09-14T19:14:48","date_gmt":"2025-09-15T01:14:48","guid":{"rendered":"https:\/\/vocesdeveracruz.com.mx\/?p=3752"},"modified":"2025-09-14T19:14:48","modified_gmt":"2025-09-15T01:14:48","slug":"3752","status":"publish","type":"post","link":"https:\/\/vocesdeveracruz.com.mx\/?p=3752","title":{"rendered":""},"content":{"rendered":"\n<p><\/p>\n\n\n\n<p><strong>Celebran en grande las Fiestas Patrias en CESNOVER Campus P\u00e1nuco<\/strong><\/p>\n\n\n\n<p>P\u00e1nuco, Ver.- Con gran entusiasmo, estudiantes, catedr\u00e1ticos y personal administrativo del Centro de Estudios Superiores del Noroeste de Veracruz (CESNOVER) Campus P\u00e1nuco celebraron las fiestas patrias con una colorida convivencia mexicana.<\/p>\n\n\n\n<p>Durante el evento, los j\u00f3venes disfrutaron de tradicionales juegos mexicanos, as\u00ed como de una amplia variedad de platillos t\u00edpicos que dieron un ambiente festivo y de unidad.<\/p>\n\n\n\n<p>La actividad form\u00f3 parte de la formaci\u00f3n integral que promueve la instituci\u00f3n, reforzando no solo la preparaci\u00f3n acad\u00e9mica de sus estudiantes, sino tambi\u00e9n los valores c\u00edvicos y patri\u00f3ticos.<\/p>\n\n\n\n<figure class=\"wp-block-image size-large\"><img loading=\"lazy\" decoding=\"async\" width=\"1024\" height=\"640\" src=\"https:\/\/vocesdeveracruz.com.mx\/wp-content\/uploads\/2025\/09\/34733-1024x640.png\" alt=\"\" class=\"wp-image-3753\" srcset=\"https:\/\/vocesdeveracruz.com.mx\/wp-content\/uploads\/2025\/09\/34733-1024x640.png 1024w, https:\/\/vocesdeveracruz.com.mx\/wp-content\/uploads\/2025\/09\/34733-300x188.png 300w, https:\/\/vocesdeveracruz.com.mx\/wp-content\/uploads\/2025\/09\/34733-768x480.png 768w, https:\/\/vocesdeveracruz.com.mx\/wp-content\/uploads\/2025\/09\/34733.png 1500w\" sizes=\"auto, (max-width: 1024px) 100vw, 1024px\" \/><\/figure>\n\n\n\n<p>CESNOVER es una instituci\u00f3n con reconocimiento oficial de la Secretar\u00eda de Educaci\u00f3n P\u00fablica, que ofrece licenciaturas en Pedagog\u00eda, Derecho, Contabilidad y Ciencias de la Educaci\u00f3n, adem\u00e1s de una Maestr\u00eda en Educaci\u00f3n, todas en modalidad semiescolarizada.<\/p>\n\n\n\n<figure class=\"wp-block-image size-large\"><img loading=\"lazy\" decoding=\"async\" width=\"1024\" height=\"696\" src=\"https:\/\/vocesdeveracruz.com.mx\/wp-content\/uploads\/2025\/09\/34731-1024x696.png\" alt=\"\" class=\"wp-image-3754\" srcset=\"https:\/\/vocesdeveracruz.com.mx\/wp-content\/uploads\/2025\/09\/34731-1024x696.png 1024w, https:\/\/vocesdeveracruz.com.mx\/wp-content\/uploads\/2025\/09\/34731-300x204.png 300w, https:\/\/vocesdeveracruz.com.mx\/wp-content\/uploads\/2025\/09\/34731-768x522.png 768w, https:\/\/vocesdeveracruz.com.mx\/wp-content\/uploads\/2025\/09\/34731.png 1500w\" sizes=\"auto, (max-width: 1024px) 100vw, 1024px\" \/><\/figure>\n","protected":false},"excerpt":{"rendered":"<p>Celebran en grande las Fiestas Patrias en CESNOVER Campus P\u00e1nuco P\u00e1nuco, Ver.- Con gran entusiasmo, estudiantes, catedr\u00e1ticos y personal administrativo del Centro de Estudios Superiores del Noroeste de Veracruz (CESNOVER)&hellip;<\/p>\n","protected":false},"author":1,"featured_media":3755,"comment_status":"open","ping_status":"closed","sticky":false,"template":"","format":"standard","meta":{"footnotes":""},"categories":[72],"tags":[],"class_list":["post-3752","post","type-post","status-publish","format-standard","has-post-thumbnail","hentry","category-local"],"magazineBlocksPostFeaturedMedia":{"thumbnail":"https:\/\/vocesdeveracruz.com.mx\/wp-content\/uploads\/2025\/09\/Tantoyuca-es-sede-de-la-cuarta-entrega-del-programa-Apoyo-a-la-Palabra-Pl_20250914_190046_0000-2-150x150.png","medium":"https:\/\/vocesdeveracruz.com.mx\/wp-content\/uploads\/2025\/09\/Tantoyuca-es-sede-de-la-cuarta-entrega-del-programa-Apoyo-a-la-Palabra-Pl_20250914_190046_0000-2-300x132.png","medium_large":"https:\/\/vocesdeveracruz.com.mx\/wp-content\/uploads\/2025\/09\/Tantoyuca-es-sede-de-la-cuarta-entrega-del-programa-Apoyo-a-la-Palabra-Pl_20250914_190046_0000-2-768x338.png","large":"https:\/\/vocesdeveracruz.com.mx\/wp-content\/uploads\/2025\/09\/Tantoyuca-es-sede-de-la-cuarta-entrega-del-programa-Apoyo-a-la-Palabra-Pl_20250914_190046_0000-2-1024x451.png","1536x1536":"https:\/\/vocesdeveracruz.com.mx\/wp-content\/uploads\/2025\/09\/Tantoyuca-es-sede-de-la-cuarta-entrega-del-programa-Apoyo-a-la-Palabra-Pl_20250914_190046_0000-2.png","2048x2048":"https:\/\/vocesdeveracruz.com.mx\/wp-content\/uploads\/2025\/09\/Tantoyuca-es-sede-de-la-cuarta-entrega-del-programa-Apoyo-a-la-Palabra-Pl_20250914_190046_0000-2.png"},"magazineBlocksPostAuthor":{"name":"admin","avatar":"https:\/\/secure.gravatar.com\/avatar\/9d5013f9042ef2dfeb4122e9609da41e1858252ad644b84f2ec3a64ab59cceaf?s=96&d=mm&r=g"},"magazineBlocksPostCommentsNumber":"0","magazineBlocksPostExcerpt":"Celebran en grande las Fiestas Patrias en CESNOVER Campus P\u00e1nuco P\u00e1nuco, Ver.- Con gran entusiasmo, estudiantes, catedr\u00e1ticos y personal administrativo del Centro de Estudios Superiores del Noroeste de Veracruz (CESNOVER)&hellip;","magazineBlocksPostCategories":["LOCAL"],"magazineBlocksPostViewCount":76,"magazineBlocksPostReadTime":1,"magazine_blocks_featured_image_url":{"full":["https:\/\/vocesdeveracruz.com.mx\/wp-content\/uploads\/2025\/09\/Tantoyuca-es-sede-de-la-cuarta-entrega-del-programa-Apoyo-a-la-Palabra-Pl_20250914_190046_0000-2.png",1500,661,false],"medium":["https:\/\/vocesdeveracruz.com.mx\/wp-content\/uploads\/2025\/09\/Tantoyuca-es-sede-de-la-cuarta-entrega-del-programa-Apoyo-a-la-Palabra-Pl_20250914_190046_0000-2-300x132.png",300,132,true],"thumbnail":["https:\/\/vocesdeveracruz.com.mx\/wp-content\/uploads\/2025\/09\/Tantoyuca-es-sede-de-la-cuarta-entrega-del-programa-Apoyo-a-la-Palabra-Pl_20250914_190046_0000-2-150x150.png",150,150,true]},"magazine_blocks_author":{"display_name":"admin","author_link":"https:\/\/vocesdeveracruz.com.mx\/?author=1"},"magazine_blocks_comment":0,"magazine_blocks_author_image":"https:\/\/secure.gravatar.com\/avatar\/9d5013f9042ef2dfeb4122e9609da41e1858252ad644b84f2ec3a64ab59cceaf?s=96&d=mm&r=g","magazine_blocks_category":"<a href=\"https:\/\/vocesdeveracruz.com.mx\/?cat=72\" rel=\"category\">LOCAL<\/a>","_links":{"self":[{"href":"https:\/\/vocesdeveracruz.com.mx\/index.php?rest_route=\/wp\/v2\/posts\/3752","targetHints":{"allow":["GET"]}}],"collection":[{"href":"https:\/\/vocesdeveracruz.com.mx\/index.php?rest_route=\/wp\/v2\/posts"}],"about":[{"href":"https:\/\/vocesdeveracruz.com.mx\/index.php?rest_route=\/wp\/v2\/types\/post"}],"author":[{"embeddable":true,"href":"https:\/\/vocesdeveracruz.com.mx\/index.php?rest_route=\/wp\/v2\/users\/1"}],"replies":[{"embeddable":true,"href":"https:\/\/vocesdeveracruz.com.mx\/index.php?rest_route=%2Fwp%2Fv2%2Fcomments&post=3752"}],"version-history":[{"count":1,"href":"https:\/\/vocesdeveracruz.com.mx\/index.php?rest_route=\/wp\/v2\/posts\/3752\/revisions"}],"predecessor-version":[{"id":3756,"href":"https:\/\/vocesdeveracruz.com.mx\/index.php?rest_route=\/wp\/v2\/posts\/3752\/revisions\/3756"}],"wp:featuredmedia":[{"embeddable":true,"href":"https:\/\/vocesdeveracruz.com.mx\/index.php?rest_route=\/wp\/v2\/media\/3755"}],"wp:attachment":[{"href":"https:\/\/vocesdeveracruz.com.mx\/index.php?rest_route=%2Fwp%2Fv2%2Fmedia&parent=3752"}],"wp:term":[{"taxonomy":"category","embeddable":true,"href":"https:\/\/vocesdeveracruz.com.mx\/index.php?rest_route=%2Fwp%2Fv2%2Fcategories&post=3752"},{"taxonomy":"post_tag","embeddable":true,"href":"https:\/\/vocesdeveracruz.com.mx\/index.php?rest_route=%2Fwp%2Fv2%2Ftags&post=3752"}],"curies":[{"name":"wp","href":"https:\/\/api.w.org\/{rel}","templated":true}]}}