{"id":3724,"date":"2025-09-12T13:31:44","date_gmt":"2025-09-12T19:31:44","guid":{"rendered":"https:\/\/vocesdeveracruz.com.mx\/?p=3724"},"modified":"2025-09-12T13:31:44","modified_gmt":"2025-09-12T19:31:44","slug":"cruz-roja-delegacion-panuco-invita-a-la-gran-loteria-mexicana","status":"publish","type":"post","link":"https:\/\/vocesdeveracruz.com.mx\/?p=3724","title":{"rendered":"Cruz Roja Delegaci\u00f3n P\u00e1nuco invita a la Gran Loter\u00eda Mexicana"},"content":{"rendered":"\n<p><\/p>\n\n\n\n<p><\/p>\n\n\n\n<p><strong>P\u00e1nuco, Ver.<\/strong> \u2013 Con el objetivo de recaudar fondos para fortalecer la operatividad de sus servicios de urgencias y dem\u00e1s acciones humanitarias, el Consejo y las Damas Voluntarias de la Cruz Roja Mexicana Delegaci\u00f3n P\u00e1nuco llevar\u00e1n a cabo la <strong>Gran Loter\u00eda Mexicana<\/strong> el pr\u00f3ximo <strong>19 de septiembre a las 4:00 de la tarde<\/strong>, en las instalaciones de la <strong>Asociaci\u00f3n Ganadera Local<\/strong>.<\/p>\n\n\n\n<figure class=\"wp-block-image size-large\"><img loading=\"lazy\" decoding=\"async\" width=\"693\" height=\"1024\" src=\"https:\/\/vocesdeveracruz.com.mx\/wp-content\/uploads\/2025\/09\/33429-693x1024.jpg\" alt=\"\" class=\"wp-image-3725\" srcset=\"https:\/\/vocesdeveracruz.com.mx\/wp-content\/uploads\/2025\/09\/33429-693x1024.jpg 693w, https:\/\/vocesdeveracruz.com.mx\/wp-content\/uploads\/2025\/09\/33429-203x300.jpg 203w, https:\/\/vocesdeveracruz.com.mx\/wp-content\/uploads\/2025\/09\/33429-768x1135.jpg 768w, https:\/\/vocesdeveracruz.com.mx\/wp-content\/uploads\/2025\/09\/33429-1040x1536.jpg 1040w, https:\/\/vocesdeveracruz.com.mx\/wp-content\/uploads\/2025\/09\/33429.jpg 1154w\" sizes=\"auto, (max-width: 693px) 100vw, 693px\" \/><\/figure>\n\n\n\n<p>Este evento representa una oportunidad para que las familias panuquenses disfruten de una tarde de diversi\u00f3n, premios y convivencia, al tiempo que contribuyen a una noble causa. El donativo de participaci\u00f3n ser\u00e1 de <strong>100 pesos<\/strong>.<\/p>\n\n\n\n<p>La Cruz Roja Delegaci\u00f3n P\u00e1nuco destac\u00f3 que la recaudaci\u00f3n obtenida permitir\u00e1 continuar brindando atenci\u00f3n a la ciudadan\u00eda en situaciones de emergencia, as\u00ed como mantener activos los servicios que la instituci\u00f3n ofrece diariamente.<\/p>\n","protected":false},"excerpt":{"rendered":"<p>P\u00e1nuco, Ver. \u2013 Con el objetivo de recaudar fondos para fortalecer la operatividad de sus servicios de urgencias y dem\u00e1s acciones humanitarias, el Consejo y las Damas Voluntarias de la&hellip;<\/p>\n","protected":false},"author":1,"featured_media":3726,"comment_status":"open","ping_status":"closed","sticky":false,"template":"","format":"standard","meta":{"footnotes":""},"categories":[72],"tags":[],"class_list":["post-3724","post","type-post","status-publish","format-standard","has-post-thumbnail","hentry","category-local"],"magazineBlocksPostFeaturedMedia":{"thumbnail":"https:\/\/vocesdeveracruz.com.mx\/wp-content\/uploads\/2025\/09\/FB_IMG_1757705119819-150x150.jpg","medium":"https:\/\/vocesdeveracruz.com.mx\/wp-content\/uploads\/2025\/09\/FB_IMG_1757705119819-300x225.jpg","medium_large":"https:\/\/vocesdeveracruz.com.mx\/wp-content\/uploads\/2025\/09\/FB_IMG_1757705119819-768x576.jpg","large":"https:\/\/vocesdeveracruz.com.mx\/wp-content\/uploads\/2025\/09\/FB_IMG_1757705119819-1024x768.jpg","1536x1536":"https:\/\/vocesdeveracruz.com.mx\/wp-content\/uploads\/2025\/09\/FB_IMG_1757705119819-1536x1152.jpg","2048x2048":"https:\/\/vocesdeveracruz.com.mx\/wp-content\/uploads\/2025\/09\/FB_IMG_1757705119819.jpg"},"magazineBlocksPostAuthor":{"name":"admin","avatar":"https:\/\/secure.gravatar.com\/avatar\/9d5013f9042ef2dfeb4122e9609da41e1858252ad644b84f2ec3a64ab59cceaf?s=96&d=mm&r=g"},"magazineBlocksPostCommentsNumber":"0","magazineBlocksPostExcerpt":"P\u00e1nuco, Ver. \u2013 Con el objetivo de recaudar fondos para fortalecer la operatividad de sus servicios de urgencias y dem\u00e1s acciones humanitarias, el Consejo y las Damas Voluntarias de la&hellip;","magazineBlocksPostCategories":["LOCAL"],"magazineBlocksPostViewCount":204,"magazineBlocksPostReadTime":1,"magazine_blocks_featured_image_url":{"full":["https:\/\/vocesdeveracruz.com.mx\/wp-content\/uploads\/2025\/09\/FB_IMG_1757705119819.jpg",2048,1536,false],"medium":["https:\/\/vocesdeveracruz.com.mx\/wp-content\/uploads\/2025\/09\/FB_IMG_1757705119819-300x225.jpg",300,225,true],"thumbnail":["https:\/\/vocesdeveracruz.com.mx\/wp-content\/uploads\/2025\/09\/FB_IMG_1757705119819-150x150.jpg",150,150,true]},"magazine_blocks_author":{"display_name":"admin","author_link":"https:\/\/vocesdeveracruz.com.mx\/?author=1"},"magazine_blocks_comment":0,"magazine_blocks_author_image":"https:\/\/secure.gravatar.com\/avatar\/9d5013f9042ef2dfeb4122e9609da41e1858252ad644b84f2ec3a64ab59cceaf?s=96&d=mm&r=g","magazine_blocks_category":"<a href=\"https:\/\/vocesdeveracruz.com.mx\/?cat=72\" rel=\"category\">LOCAL<\/a>","_links":{"self":[{"href":"https:\/\/vocesdeveracruz.com.mx\/index.php?rest_route=\/wp\/v2\/posts\/3724","targetHints":{"allow":["GET"]}}],"collection":[{"href":"https:\/\/vocesdeveracruz.com.mx\/index.php?rest_route=\/wp\/v2\/posts"}],"about":[{"href":"https:\/\/vocesdeveracruz.com.mx\/index.php?rest_route=\/wp\/v2\/types\/post"}],"author":[{"embeddable":true,"href":"https:\/\/vocesdeveracruz.com.mx\/index.php?rest_route=\/wp\/v2\/users\/1"}],"replies":[{"embeddable":true,"href":"https:\/\/vocesdeveracruz.com.mx\/index.php?rest_route=%2Fwp%2Fv2%2Fcomments&post=3724"}],"version-history":[{"count":1,"href":"https:\/\/vocesdeveracruz.com.mx\/index.php?rest_route=\/wp\/v2\/posts\/3724\/revisions"}],"predecessor-version":[{"id":3727,"href":"https:\/\/vocesdeveracruz.com.mx\/index.php?rest_route=\/wp\/v2\/posts\/3724\/revisions\/3727"}],"wp:featuredmedia":[{"embeddable":true,"href":"https:\/\/vocesdeveracruz.com.mx\/index.php?rest_route=\/wp\/v2\/media\/3726"}],"wp:attachment":[{"href":"https:\/\/vocesdeveracruz.com.mx\/index.php?rest_route=%2Fwp%2Fv2%2Fmedia&parent=3724"}],"wp:term":[{"taxonomy":"category","embeddable":true,"href":"https:\/\/vocesdeveracruz.com.mx\/index.php?rest_route=%2Fwp%2Fv2%2Fcategories&post=3724"},{"taxonomy":"post_tag","embeddable":true,"href":"https:\/\/vocesdeveracruz.com.mx\/index.php?rest_route=%2Fwp%2Fv2%2Ftags&post=3724"}],"curies":[{"name":"wp","href":"https:\/\/api.w.org\/{rel}","templated":true}]}}