{"id":3713,"date":"2025-09-12T11:32:55","date_gmt":"2025-09-12T17:32:55","guid":{"rendered":"https:\/\/vocesdeveracruz.com.mx\/?p=3713"},"modified":"2025-09-12T11:32:55","modified_gmt":"2025-09-12T17:32:55","slug":"transito-del-estado-refuerza-senalamientos-viales-en-panuco-para-prevenir-accidentes","status":"publish","type":"post","link":"https:\/\/vocesdeveracruz.com.mx\/?p=3713","title":{"rendered":"Tr\u00e1nsito del Estado refuerza se\u00f1alamientos viales en P\u00e1nuco para prevenir accidentes"},"content":{"rendered":"\n<p><\/p>\n\n\n\n<p>P\u00e1nuco, Ver. \u2013 La Delegaci\u00f3n Regional de Tr\u00e1nsito y Seguridad Vial con sede en P\u00e1nuco contin\u00faa implementando acciones para fortalecer la seguridad de automovilistas y peatones, mediante la mejora y mantenimiento de se\u00f1alamientos viales en distintos puntos de la ciudad.<\/p>\n\n\n\n<p>Estas acciones que encabeza la delegada regional, Lic. Ana Gabriela P\u00e9rez Ram\u00edrez en coordinaci\u00f3n con el comandante y elementos adscritos a la corporaci\u00f3n, quienes trabajan en la restauraci\u00f3n de se\u00f1al\u00e9tica restrictiva en calles y avenidas principales.<\/p>\n\n\n\n<div class=\"wp-block-columns is-layout-flex wp-container-core-columns-is-layout-9d6595d7 wp-block-columns-is-layout-flex\">\n<div class=\"wp-block-column is-layout-flow wp-block-column-is-layout-flow\">\n<figure class=\"wp-block-image size-large\"><img loading=\"lazy\" decoding=\"async\" width=\"1024\" height=\"768\" src=\"https:\/\/vocesdeveracruz.com.mx\/wp-content\/uploads\/2025\/09\/146342d7-8b3b-4872-af12-21509897cc53-1-1024x768.jpg\" alt=\"\" class=\"wp-image-3715\" srcset=\"https:\/\/vocesdeveracruz.com.mx\/wp-content\/uploads\/2025\/09\/146342d7-8b3b-4872-af12-21509897cc53-1-1024x768.jpg 1024w, https:\/\/vocesdeveracruz.com.mx\/wp-content\/uploads\/2025\/09\/146342d7-8b3b-4872-af12-21509897cc53-1-300x225.jpg 300w, https:\/\/vocesdeveracruz.com.mx\/wp-content\/uploads\/2025\/09\/146342d7-8b3b-4872-af12-21509897cc53-1-768x576.jpg 768w, https:\/\/vocesdeveracruz.com.mx\/wp-content\/uploads\/2025\/09\/146342d7-8b3b-4872-af12-21509897cc53-1-1536x1152.jpg 1536w, https:\/\/vocesdeveracruz.com.mx\/wp-content\/uploads\/2025\/09\/146342d7-8b3b-4872-af12-21509897cc53-1.jpg 1600w\" sizes=\"auto, (max-width: 1024px) 100vw, 1024px\" \/><\/figure>\n<\/div>\n\n\n\n<div class=\"wp-block-column is-layout-flow wp-block-column-is-layout-flow\">\n<figure class=\"wp-block-image size-large\"><img loading=\"lazy\" decoding=\"async\" width=\"1024\" height=\"576\" src=\"https:\/\/vocesdeveracruz.com.mx\/wp-content\/uploads\/2025\/09\/66b65122-fd5f-4a8f-8ede-b56cd4203b32-1024x576.jpg\" alt=\"\" class=\"wp-image-3716\" srcset=\"https:\/\/vocesdeveracruz.com.mx\/wp-content\/uploads\/2025\/09\/66b65122-fd5f-4a8f-8ede-b56cd4203b32-1024x576.jpg 1024w, https:\/\/vocesdeveracruz.com.mx\/wp-content\/uploads\/2025\/09\/66b65122-fd5f-4a8f-8ede-b56cd4203b32-300x169.jpg 300w, https:\/\/vocesdeveracruz.com.mx\/wp-content\/uploads\/2025\/09\/66b65122-fd5f-4a8f-8ede-b56cd4203b32-768x432.jpg 768w, https:\/\/vocesdeveracruz.com.mx\/wp-content\/uploads\/2025\/09\/66b65122-fd5f-4a8f-8ede-b56cd4203b32-1536x864.jpg 1536w, https:\/\/vocesdeveracruz.com.mx\/wp-content\/uploads\/2025\/09\/66b65122-fd5f-4a8f-8ede-b56cd4203b32.jpg 1600w\" sizes=\"auto, (max-width: 1024px) 100vw, 1024px\" \/><\/figure>\n<\/div>\n\n\n\n<div class=\"wp-block-column is-layout-flow wp-block-column-is-layout-flow\">\n<figure class=\"wp-block-image size-large\"><img loading=\"lazy\" decoding=\"async\" width=\"1024\" height=\"771\" src=\"https:\/\/vocesdeveracruz.com.mx\/wp-content\/uploads\/2025\/09\/e442dd88-477d-46e8-942e-c801a836ac89-1024x771.jpg\" alt=\"\" class=\"wp-image-3717\" srcset=\"https:\/\/vocesdeveracruz.com.mx\/wp-content\/uploads\/2025\/09\/e442dd88-477d-46e8-942e-c801a836ac89-1024x771.jpg 1024w, https:\/\/vocesdeveracruz.com.mx\/wp-content\/uploads\/2025\/09\/e442dd88-477d-46e8-942e-c801a836ac89-300x226.jpg 300w, https:\/\/vocesdeveracruz.com.mx\/wp-content\/uploads\/2025\/09\/e442dd88-477d-46e8-942e-c801a836ac89-768x578.jpg 768w, https:\/\/vocesdeveracruz.com.mx\/wp-content\/uploads\/2025\/09\/e442dd88-477d-46e8-942e-c801a836ac89-1536x1156.jpg 1536w, https:\/\/vocesdeveracruz.com.mx\/wp-content\/uploads\/2025\/09\/e442dd88-477d-46e8-942e-c801a836ac89.jpg 1600w\" sizes=\"auto, (max-width: 1024px) 100vw, 1024px\" \/><\/figure>\n<\/div>\n<\/div>\n\n\n\n<p>El objetivo es reducir riesgos y prevenir accidentes de tr\u00e1nsito, garantizando una mayor visibilidad y orden en la circulaci\u00f3n vehicular. Estas acciones se enmarcan dentro de los esfuerzos permanentes que la dependencia realiza para mejorar la movilidad y brindar mayor seguridad a la ciudadan\u00eda.<\/p>\n","protected":false},"excerpt":{"rendered":"<p>P\u00e1nuco, Ver. \u2013 La Delegaci\u00f3n Regional de Tr\u00e1nsito y Seguridad Vial con sede en P\u00e1nuco contin\u00faa implementando acciones para fortalecer la seguridad de automovilistas y peatones, mediante la mejora y&hellip;<\/p>\n","protected":false},"author":1,"featured_media":3718,"comment_status":"open","ping_status":"closed","sticky":false,"template":"","format":"standard","meta":{"footnotes":""},"categories":[72],"tags":[],"class_list":["post-3713","post","type-post","status-publish","format-standard","has-post-thumbnail","hentry","category-local"],"magazineBlocksPostFeaturedMedia":{"thumbnail":"https:\/\/vocesdeveracruz.com.mx\/wp-content\/uploads\/2025\/09\/64ec8f01-dfca-4ec3-b03a-d2d5e6f9c694-150x150.jpg","medium":"https:\/\/vocesdeveracruz.com.mx\/wp-content\/uploads\/2025\/09\/64ec8f01-dfca-4ec3-b03a-d2d5e6f9c694-300x226.jpg","medium_large":"https:\/\/vocesdeveracruz.com.mx\/wp-content\/uploads\/2025\/09\/64ec8f01-dfca-4ec3-b03a-d2d5e6f9c694-768x578.jpg","large":"https:\/\/vocesdeveracruz.com.mx\/wp-content\/uploads\/2025\/09\/64ec8f01-dfca-4ec3-b03a-d2d5e6f9c694-1024x771.jpg","1536x1536":"https:\/\/vocesdeveracruz.com.mx\/wp-content\/uploads\/2025\/09\/64ec8f01-dfca-4ec3-b03a-d2d5e6f9c694-1536x1156.jpg","2048x2048":"https:\/\/vocesdeveracruz.com.mx\/wp-content\/uploads\/2025\/09\/64ec8f01-dfca-4ec3-b03a-d2d5e6f9c694.jpg"},"magazineBlocksPostAuthor":{"name":"admin","avatar":"https:\/\/secure.gravatar.com\/avatar\/9d5013f9042ef2dfeb4122e9609da41e1858252ad644b84f2ec3a64ab59cceaf?s=96&d=mm&r=g"},"magazineBlocksPostCommentsNumber":"0","magazineBlocksPostExcerpt":"P\u00e1nuco, Ver. \u2013 La Delegaci\u00f3n Regional de Tr\u00e1nsito y Seguridad Vial con sede en P\u00e1nuco contin\u00faa implementando acciones para fortalecer la seguridad de automovilistas y peatones, mediante la mejora y&hellip;","magazineBlocksPostCategories":["LOCAL"],"magazineBlocksPostViewCount":172,"magazineBlocksPostReadTime":1,"magazine_blocks_featured_image_url":{"full":["https:\/\/vocesdeveracruz.com.mx\/wp-content\/uploads\/2025\/09\/64ec8f01-dfca-4ec3-b03a-d2d5e6f9c694.jpg",1600,1204,false],"medium":["https:\/\/vocesdeveracruz.com.mx\/wp-content\/uploads\/2025\/09\/64ec8f01-dfca-4ec3-b03a-d2d5e6f9c694-300x226.jpg",300,226,true],"thumbnail":["https:\/\/vocesdeveracruz.com.mx\/wp-content\/uploads\/2025\/09\/64ec8f01-dfca-4ec3-b03a-d2d5e6f9c694-150x150.jpg",150,150,true]},"magazine_blocks_author":{"display_name":"admin","author_link":"https:\/\/vocesdeveracruz.com.mx\/?author=1"},"magazine_blocks_comment":0,"magazine_blocks_author_image":"https:\/\/secure.gravatar.com\/avatar\/9d5013f9042ef2dfeb4122e9609da41e1858252ad644b84f2ec3a64ab59cceaf?s=96&d=mm&r=g","magazine_blocks_category":"<a href=\"https:\/\/vocesdeveracruz.com.mx\/?cat=72\" rel=\"category\">LOCAL<\/a>","_links":{"self":[{"href":"https:\/\/vocesdeveracruz.com.mx\/index.php?rest_route=\/wp\/v2\/posts\/3713","targetHints":{"allow":["GET"]}}],"collection":[{"href":"https:\/\/vocesdeveracruz.com.mx\/index.php?rest_route=\/wp\/v2\/posts"}],"about":[{"href":"https:\/\/vocesdeveracruz.com.mx\/index.php?rest_route=\/wp\/v2\/types\/post"}],"author":[{"embeddable":true,"href":"https:\/\/vocesdeveracruz.com.mx\/index.php?rest_route=\/wp\/v2\/users\/1"}],"replies":[{"embeddable":true,"href":"https:\/\/vocesdeveracruz.com.mx\/index.php?rest_route=%2Fwp%2Fv2%2Fcomments&post=3713"}],"version-history":[{"count":1,"href":"https:\/\/vocesdeveracruz.com.mx\/index.php?rest_route=\/wp\/v2\/posts\/3713\/revisions"}],"predecessor-version":[{"id":3719,"href":"https:\/\/vocesdeveracruz.com.mx\/index.php?rest_route=\/wp\/v2\/posts\/3713\/revisions\/3719"}],"wp:featuredmedia":[{"embeddable":true,"href":"https:\/\/vocesdeveracruz.com.mx\/index.php?rest_route=\/wp\/v2\/media\/3718"}],"wp:attachment":[{"href":"https:\/\/vocesdeveracruz.com.mx\/index.php?rest_route=%2Fwp%2Fv2%2Fmedia&parent=3713"}],"wp:term":[{"taxonomy":"category","embeddable":true,"href":"https:\/\/vocesdeveracruz.com.mx\/index.php?rest_route=%2Fwp%2Fv2%2Fcategories&post=3713"},{"taxonomy":"post_tag","embeddable":true,"href":"https:\/\/vocesdeveracruz.com.mx\/index.php?rest_route=%2Fwp%2Fv2%2Ftags&post=3713"}],"curies":[{"name":"wp","href":"https:\/\/api.w.org\/{rel}","templated":true}]}}