{"id":3675,"date":"2025-09-11T22:16:49","date_gmt":"2025-09-12T04:16:49","guid":{"rendered":"https:\/\/vocesdeveracruz.com.mx\/?p=3675"},"modified":"2025-09-11T22:16:49","modified_gmt":"2025-09-12T04:16:49","slug":"cruz-roja-panuco-celebra-alianza-con-fundacion-pantaleon-para-reforzar-su-labor-humanitaria","status":"publish","type":"post","link":"https:\/\/vocesdeveracruz.com.mx\/?p=3675","title":{"rendered":"Cruz Roja P\u00e1nuco celebra alianza con Fundaci\u00f3n Pantaleon para reforzar su labor humanitaria"},"content":{"rendered":"\n<p><\/p>\n\n\n\n<p>P\u00e1nuco, Ver. \u2013 En un acto significativo para el municipio, la Cruz Roja Delegaci\u00f3n P\u00e1nuco y Fundaci\u00f3n Pantaleon celebraron la firma de un convenio de colaboraci\u00f3n que fortalecer\u00e1 las acciones de asistencia y apoyo en beneficio de la poblaci\u00f3n m\u00e1s vulnerable.<\/p>\n\n\n\n<p>El evento cont\u00f3 con la presencia de Andreas Kuestermann, Presidente del Consejo Directivo de Fundaci\u00f3n Pantaleon Melissa Mart\u00ednez-Benecke, Gerente Regional y Patricia Altamirano, Gerente de Fundaci\u00f3n en M\u00e9xico. Por parte de la Cruz Roja P\u00e1nuco, encabez\u00f3 la ceremonia la Mtra. Nidia Icela King Valladares, Presidenta del Consejo Directivo Local, acompa\u00f1ada de damas voluntarias y personal param\u00e9dico.<\/p>\n\n\n\n<div class=\"wp-block-columns is-layout-flex wp-container-core-columns-is-layout-9d6595d7 wp-block-columns-is-layout-flex\">\n<div class=\"wp-block-column is-layout-flow wp-block-column-is-layout-flow\">\n<figure class=\"wp-block-image size-large\"><img loading=\"lazy\" decoding=\"async\" width=\"1024\" height=\"768\" src=\"https:\/\/vocesdeveracruz.com.mx\/wp-content\/uploads\/2025\/09\/60d96b1c-3612-40a3-9eb9-b21521e62dde-1024x768.jpg\" alt=\"\" class=\"wp-image-3677\" srcset=\"https:\/\/vocesdeveracruz.com.mx\/wp-content\/uploads\/2025\/09\/60d96b1c-3612-40a3-9eb9-b21521e62dde-1024x768.jpg 1024w, https:\/\/vocesdeveracruz.com.mx\/wp-content\/uploads\/2025\/09\/60d96b1c-3612-40a3-9eb9-b21521e62dde-300x225.jpg 300w, https:\/\/vocesdeveracruz.com.mx\/wp-content\/uploads\/2025\/09\/60d96b1c-3612-40a3-9eb9-b21521e62dde-768x576.jpg 768w, https:\/\/vocesdeveracruz.com.mx\/wp-content\/uploads\/2025\/09\/60d96b1c-3612-40a3-9eb9-b21521e62dde.jpg 1280w\" sizes=\"auto, (max-width: 1024px) 100vw, 1024px\" \/><\/figure>\n<\/div>\n\n\n\n<div class=\"wp-block-column is-layout-flow wp-block-column-is-layout-flow\">\n<figure class=\"wp-block-image size-large\"><img loading=\"lazy\" decoding=\"async\" width=\"1024\" height=\"768\" src=\"https:\/\/vocesdeveracruz.com.mx\/wp-content\/uploads\/2025\/09\/68306ad3-23c2-47e3-8d2b-4eaa64e5a557-1024x768.jpg\" alt=\"\" class=\"wp-image-3678\" srcset=\"https:\/\/vocesdeveracruz.com.mx\/wp-content\/uploads\/2025\/09\/68306ad3-23c2-47e3-8d2b-4eaa64e5a557-1024x768.jpg 1024w, https:\/\/vocesdeveracruz.com.mx\/wp-content\/uploads\/2025\/09\/68306ad3-23c2-47e3-8d2b-4eaa64e5a557-300x225.jpg 300w, https:\/\/vocesdeveracruz.com.mx\/wp-content\/uploads\/2025\/09\/68306ad3-23c2-47e3-8d2b-4eaa64e5a557-768x576.jpg 768w, https:\/\/vocesdeveracruz.com.mx\/wp-content\/uploads\/2025\/09\/68306ad3-23c2-47e3-8d2b-4eaa64e5a557.jpg 1280w\" sizes=\"auto, (max-width: 1024px) 100vw, 1024px\" \/><\/figure>\n<\/div>\n\n\n\n<div class=\"wp-block-column is-layout-flow wp-block-column-is-layout-flow\">\n<figure class=\"wp-block-image size-large\"><img loading=\"lazy\" decoding=\"async\" width=\"1024\" height=\"768\" src=\"https:\/\/vocesdeveracruz.com.mx\/wp-content\/uploads\/2025\/09\/01618545-8436-4c54-a3aa-954f8b6f3e3d-1024x768.jpg\" alt=\"\" class=\"wp-image-3679\" srcset=\"https:\/\/vocesdeveracruz.com.mx\/wp-content\/uploads\/2025\/09\/01618545-8436-4c54-a3aa-954f8b6f3e3d-1024x768.jpg 1024w, https:\/\/vocesdeveracruz.com.mx\/wp-content\/uploads\/2025\/09\/01618545-8436-4c54-a3aa-954f8b6f3e3d-300x225.jpg 300w, https:\/\/vocesdeveracruz.com.mx\/wp-content\/uploads\/2025\/09\/01618545-8436-4c54-a3aa-954f8b6f3e3d-768x576.jpg 768w, https:\/\/vocesdeveracruz.com.mx\/wp-content\/uploads\/2025\/09\/01618545-8436-4c54-a3aa-954f8b6f3e3d.jpg 1040w\" sizes=\"auto, (max-width: 1024px) 100vw, 1024px\" \/><\/figure>\n<\/div>\n<\/div>\n\n\n\n<p>En su intervenci\u00f3n, la Mtra. Nidia Icela King Valladares subray\u00f3 la importancia de este acuerdo, resaltando que representa una nueva etapa de esperanza y cooperaci\u00f3n para la instituci\u00f3n.<\/p>\n\n\n\n<p>\u201cRefrendamos nuestro compromiso de seguir siendo un puente de solidaridad, servicio y vida para toda la comunidad. Este convenio significa m\u00e1s fuerza, m\u00e1s esperanza y m\u00e1s manos para salvar vidas\u201d, expres\u00f3.<\/p>\n\n\n\n<p>Durante el encuentro, la delegaci\u00f3n agradeci\u00f3 profundamente a Fundaci\u00f3n Pantaleon por las valiosas muestras de apoyo, destacando que la suma de esfuerzos entre sociedad civil e instituciones humanitarias es clave para atender de manera m\u00e1s eficiente las necesidades de la poblaci\u00f3n.<\/p>\n\n\n\n<p>Con este acuerdo, ambas instituciones ratifican que la unidad y la cooperaci\u00f3n son el camino para generar cambios positivos y brindar m\u00e1s oportunidades de auxilio y bienestar en el municipio.<\/p>\n","protected":false},"excerpt":{"rendered":"<p>P\u00e1nuco, Ver. \u2013 En un acto significativo para el municipio, la Cruz Roja Delegaci\u00f3n P\u00e1nuco y Fundaci\u00f3n Pantaleon celebraron la firma de un convenio de colaboraci\u00f3n que fortalecer\u00e1 las acciones&hellip;<\/p>\n","protected":false},"author":1,"featured_media":3676,"comment_status":"open","ping_status":"closed","sticky":false,"template":"","format":"standard","meta":{"footnotes":""},"categories":[72],"tags":[],"class_list":["post-3675","post","type-post","status-publish","format-standard","has-post-thumbnail","hentry","category-local"],"magazineBlocksPostFeaturedMedia":{"thumbnail":"https:\/\/vocesdeveracruz.com.mx\/wp-content\/uploads\/2025\/09\/ea06c2d8-05fd-431d-90ec-e2fd6b7ab293-150x150.jpg","medium":"https:\/\/vocesdeveracruz.com.mx\/wp-content\/uploads\/2025\/09\/ea06c2d8-05fd-431d-90ec-e2fd6b7ab293-300x225.jpg","medium_large":"https:\/\/vocesdeveracruz.com.mx\/wp-content\/uploads\/2025\/09\/ea06c2d8-05fd-431d-90ec-e2fd6b7ab293-768x576.jpg","large":"https:\/\/vocesdeveracruz.com.mx\/wp-content\/uploads\/2025\/09\/ea06c2d8-05fd-431d-90ec-e2fd6b7ab293-1024x768.jpg","1536x1536":"https:\/\/vocesdeveracruz.com.mx\/wp-content\/uploads\/2025\/09\/ea06c2d8-05fd-431d-90ec-e2fd6b7ab293.jpg","2048x2048":"https:\/\/vocesdeveracruz.com.mx\/wp-content\/uploads\/2025\/09\/ea06c2d8-05fd-431d-90ec-e2fd6b7ab293.jpg"},"magazineBlocksPostAuthor":{"name":"admin","avatar":"https:\/\/secure.gravatar.com\/avatar\/9d5013f9042ef2dfeb4122e9609da41e1858252ad644b84f2ec3a64ab59cceaf?s=96&d=mm&r=g"},"magazineBlocksPostCommentsNumber":"0","magazineBlocksPostExcerpt":"P\u00e1nuco, Ver. \u2013 En un acto significativo para el municipio, la Cruz Roja Delegaci\u00f3n P\u00e1nuco y Fundaci\u00f3n Pantaleon celebraron la firma de un convenio de colaboraci\u00f3n que fortalecer\u00e1 las acciones&hellip;","magazineBlocksPostCategories":["LOCAL"],"magazineBlocksPostViewCount":303,"magazineBlocksPostReadTime":2,"magazine_blocks_featured_image_url":{"full":["https:\/\/vocesdeveracruz.com.mx\/wp-content\/uploads\/2025\/09\/ea06c2d8-05fd-431d-90ec-e2fd6b7ab293.jpg",1040,780,false],"medium":["https:\/\/vocesdeveracruz.com.mx\/wp-content\/uploads\/2025\/09\/ea06c2d8-05fd-431d-90ec-e2fd6b7ab293-300x225.jpg",300,225,true],"thumbnail":["https:\/\/vocesdeveracruz.com.mx\/wp-content\/uploads\/2025\/09\/ea06c2d8-05fd-431d-90ec-e2fd6b7ab293-150x150.jpg",150,150,true]},"magazine_blocks_author":{"display_name":"admin","author_link":"https:\/\/vocesdeveracruz.com.mx\/?author=1"},"magazine_blocks_comment":0,"magazine_blocks_author_image":"https:\/\/secure.gravatar.com\/avatar\/9d5013f9042ef2dfeb4122e9609da41e1858252ad644b84f2ec3a64ab59cceaf?s=96&d=mm&r=g","magazine_blocks_category":"<a href=\"https:\/\/vocesdeveracruz.com.mx\/?cat=72\" rel=\"category\">LOCAL<\/a>","_links":{"self":[{"href":"https:\/\/vocesdeveracruz.com.mx\/index.php?rest_route=\/wp\/v2\/posts\/3675","targetHints":{"allow":["GET"]}}],"collection":[{"href":"https:\/\/vocesdeveracruz.com.mx\/index.php?rest_route=\/wp\/v2\/posts"}],"about":[{"href":"https:\/\/vocesdeveracruz.com.mx\/index.php?rest_route=\/wp\/v2\/types\/post"}],"author":[{"embeddable":true,"href":"https:\/\/vocesdeveracruz.com.mx\/index.php?rest_route=\/wp\/v2\/users\/1"}],"replies":[{"embeddable":true,"href":"https:\/\/vocesdeveracruz.com.mx\/index.php?rest_route=%2Fwp%2Fv2%2Fcomments&post=3675"}],"version-history":[{"count":1,"href":"https:\/\/vocesdeveracruz.com.mx\/index.php?rest_route=\/wp\/v2\/posts\/3675\/revisions"}],"predecessor-version":[{"id":3680,"href":"https:\/\/vocesdeveracruz.com.mx\/index.php?rest_route=\/wp\/v2\/posts\/3675\/revisions\/3680"}],"wp:featuredmedia":[{"embeddable":true,"href":"https:\/\/vocesdeveracruz.com.mx\/index.php?rest_route=\/wp\/v2\/media\/3676"}],"wp:attachment":[{"href":"https:\/\/vocesdeveracruz.com.mx\/index.php?rest_route=%2Fwp%2Fv2%2Fmedia&parent=3675"}],"wp:term":[{"taxonomy":"category","embeddable":true,"href":"https:\/\/vocesdeveracruz.com.mx\/index.php?rest_route=%2Fwp%2Fv2%2Fcategories&post=3675"},{"taxonomy":"post_tag","embeddable":true,"href":"https:\/\/vocesdeveracruz.com.mx\/index.php?rest_route=%2Fwp%2Fv2%2Ftags&post=3675"}],"curies":[{"name":"wp","href":"https:\/\/api.w.org\/{rel}","templated":true}]}}