{"id":3617,"date":"2025-09-11T16:42:17","date_gmt":"2025-09-11T22:42:17","guid":{"rendered":"https:\/\/vocesdeveracruz.com.mx\/?p=3617"},"modified":"2025-09-11T16:42:17","modified_gmt":"2025-09-11T22:42:17","slug":"taller-de-prevencion-de-accidentes-de-autos-motorizados-en-panuco","status":"publish","type":"post","link":"https:\/\/vocesdeveracruz.com.mx\/?p=3617","title":{"rendered":"Taller de prevenci\u00f3n de accidentes de autos motorizados en P\u00e1nuco"},"content":{"rendered":"\n<p><\/p>\n\n\n\n<p>P\u00e1nuco, Ver. \u2013 En el marco de la Semana Nacional de Salud P\u00fablica, se llev\u00f3 a cabo en la Sala Audiovisual del TecNM Campus P\u00e1nuco, el Taller de Prevenci\u00f3n de Accidentes de Autos Motorizados, con el prop\u00f3sito de concientizar a las alumnas y los alumnos sobre la importancia de la seguridad vial y la reducci\u00f3n de riesgos en la v\u00eda p\u00fablica.<\/p>\n\n\n\n<p>La actividad estuvo encabezada por la Lic. Gladis Fabiola Mar Meza, encargada del programa de seguridad vial de la Jurisdicci\u00f3n Sanitaria, quien destac\u00f3 la necesidad de fomentar una cultura de prevenci\u00f3n entre conductores y peatones.<\/p>\n\n\n\n<p>En representaci\u00f3n del Servicio Nacional de Seguridad P\u00fablica, particip\u00f3 el Dr. Erick Amado Cruz, representante distrital de P\u00e1nuco, quien subray\u00f3 la coordinaci\u00f3n interinstitucional para garantizar entornos m\u00e1s seguros.<\/p>\n\n\n\n<div class=\"wp-block-columns is-layout-flex wp-container-core-columns-is-layout-9d6595d7 wp-block-columns-is-layout-flex\">\n<div class=\"wp-block-column is-layout-flow wp-block-column-is-layout-flow\">\n<figure class=\"wp-block-image size-large\"><img loading=\"lazy\" decoding=\"async\" width=\"1024\" height=\"642\" src=\"https:\/\/vocesdeveracruz.com.mx\/wp-content\/uploads\/2025\/09\/546637343_811978805124379_6967588648967334017_n-1024x642.jpg\" alt=\"\" class=\"wp-image-3619\" srcset=\"https:\/\/vocesdeveracruz.com.mx\/wp-content\/uploads\/2025\/09\/546637343_811978805124379_6967588648967334017_n-1024x642.jpg 1024w, https:\/\/vocesdeveracruz.com.mx\/wp-content\/uploads\/2025\/09\/546637343_811978805124379_6967588648967334017_n-300x188.jpg 300w, https:\/\/vocesdeveracruz.com.mx\/wp-content\/uploads\/2025\/09\/546637343_811978805124379_6967588648967334017_n-768x482.jpg 768w, https:\/\/vocesdeveracruz.com.mx\/wp-content\/uploads\/2025\/09\/546637343_811978805124379_6967588648967334017_n-1536x963.jpg 1536w, https:\/\/vocesdeveracruz.com.mx\/wp-content\/uploads\/2025\/09\/546637343_811978805124379_6967588648967334017_n.jpg 2048w\" sizes=\"auto, (max-width: 1024px) 100vw, 1024px\" \/><\/figure>\n<\/div>\n\n\n\n<div class=\"wp-block-column is-layout-flow wp-block-column-is-layout-flow\">\n<figure class=\"wp-block-image size-large\"><img loading=\"lazy\" decoding=\"async\" width=\"1024\" height=\"644\" src=\"https:\/\/vocesdeveracruz.com.mx\/wp-content\/uploads\/2025\/09\/547502110_811978965124363_3020947104871704560_n-1024x644.jpg\" alt=\"\" class=\"wp-image-3620\" srcset=\"https:\/\/vocesdeveracruz.com.mx\/wp-content\/uploads\/2025\/09\/547502110_811978965124363_3020947104871704560_n-1024x644.jpg 1024w, https:\/\/vocesdeveracruz.com.mx\/wp-content\/uploads\/2025\/09\/547502110_811978965124363_3020947104871704560_n-300x189.jpg 300w, https:\/\/vocesdeveracruz.com.mx\/wp-content\/uploads\/2025\/09\/547502110_811978965124363_3020947104871704560_n-768x483.jpg 768w, https:\/\/vocesdeveracruz.com.mx\/wp-content\/uploads\/2025\/09\/547502110_811978965124363_3020947104871704560_n-1536x966.jpg 1536w, https:\/\/vocesdeveracruz.com.mx\/wp-content\/uploads\/2025\/09\/547502110_811978965124363_3020947104871704560_n.jpg 2048w\" sizes=\"auto, (max-width: 1024px) 100vw, 1024px\" \/><\/figure>\n<\/div>\n<\/div>\n\n\n\n<p>Asimismo, estuvieron presentes la Lic. Gabriela G\u00f3mez Coronado, responsable del nivel interno, y la Dra. Ariadna Balleza Guevara, l\u00edder distrital de Gerencia y Rector\u00eda, quienes resaltaron la relevancia de la educaci\u00f3n preventiva como estrategia para reducir la incidencia de accidentes viales en la regi\u00f3n.<\/p>\n\n\n\n<p>Con este taller, realizado en las instalaciones del TecNM Campus P\u00e1nuco, las autoridades reafirmaron su compromiso de trabajar de manera conjunta para proteger la vida y la salud de la ciudadan\u00eda, fortaleciendo acciones que promuevan la seguridad y el bienestar de la comunidad tecnol\u00f3gica.<\/p>\n","protected":false},"excerpt":{"rendered":"<p>P\u00e1nuco, Ver. \u2013 En el marco de la Semana Nacional de Salud P\u00fablica, se llev\u00f3 a cabo en la Sala Audiovisual del TecNM Campus P\u00e1nuco, el Taller de Prevenci\u00f3n de&hellip;<\/p>\n","protected":false},"author":1,"featured_media":3618,"comment_status":"open","ping_status":"closed","sticky":false,"template":"","format":"standard","meta":{"footnotes":""},"categories":[72],"tags":[],"class_list":["post-3617","post","type-post","status-publish","format-standard","has-post-thumbnail","hentry","category-local"],"magazineBlocksPostFeaturedMedia":{"thumbnail":"https:\/\/vocesdeveracruz.com.mx\/wp-content\/uploads\/2025\/09\/547172680_811978555124404_7705167264857287172_n-150x150.jpg","medium":"https:\/\/vocesdeveracruz.com.mx\/wp-content\/uploads\/2025\/09\/547172680_811978555124404_7705167264857287172_n-300x190.jpg","medium_large":"https:\/\/vocesdeveracruz.com.mx\/wp-content\/uploads\/2025\/09\/547172680_811978555124404_7705167264857287172_n-768x488.jpg","large":"https:\/\/vocesdeveracruz.com.mx\/wp-content\/uploads\/2025\/09\/547172680_811978555124404_7705167264857287172_n-1024x650.jpg","1536x1536":"https:\/\/vocesdeveracruz.com.mx\/wp-content\/uploads\/2025\/09\/547172680_811978555124404_7705167264857287172_n-1536x975.jpg","2048x2048":"https:\/\/vocesdeveracruz.com.mx\/wp-content\/uploads\/2025\/09\/547172680_811978555124404_7705167264857287172_n.jpg"},"magazineBlocksPostAuthor":{"name":"admin","avatar":"https:\/\/secure.gravatar.com\/avatar\/9d5013f9042ef2dfeb4122e9609da41e1858252ad644b84f2ec3a64ab59cceaf?s=96&d=mm&r=g"},"magazineBlocksPostCommentsNumber":"0","magazineBlocksPostExcerpt":"P\u00e1nuco, Ver. \u2013 En el marco de la Semana Nacional de Salud P\u00fablica, se llev\u00f3 a cabo en la Sala Audiovisual del TecNM Campus P\u00e1nuco, el Taller de Prevenci\u00f3n de&hellip;","magazineBlocksPostCategories":["LOCAL"],"magazineBlocksPostViewCount":135,"magazineBlocksPostReadTime":2,"magazine_blocks_featured_image_url":{"full":["https:\/\/vocesdeveracruz.com.mx\/wp-content\/uploads\/2025\/09\/547172680_811978555124404_7705167264857287172_n.jpg",2048,1300,false],"medium":["https:\/\/vocesdeveracruz.com.mx\/wp-content\/uploads\/2025\/09\/547172680_811978555124404_7705167264857287172_n-300x190.jpg",300,190,true],"thumbnail":["https:\/\/vocesdeveracruz.com.mx\/wp-content\/uploads\/2025\/09\/547172680_811978555124404_7705167264857287172_n-150x150.jpg",150,150,true]},"magazine_blocks_author":{"display_name":"admin","author_link":"https:\/\/vocesdeveracruz.com.mx\/?author=1"},"magazine_blocks_comment":0,"magazine_blocks_author_image":"https:\/\/secure.gravatar.com\/avatar\/9d5013f9042ef2dfeb4122e9609da41e1858252ad644b84f2ec3a64ab59cceaf?s=96&d=mm&r=g","magazine_blocks_category":"<a href=\"https:\/\/vocesdeveracruz.com.mx\/?cat=72\" rel=\"category\">LOCAL<\/a>","_links":{"self":[{"href":"https:\/\/vocesdeveracruz.com.mx\/index.php?rest_route=\/wp\/v2\/posts\/3617","targetHints":{"allow":["GET"]}}],"collection":[{"href":"https:\/\/vocesdeveracruz.com.mx\/index.php?rest_route=\/wp\/v2\/posts"}],"about":[{"href":"https:\/\/vocesdeveracruz.com.mx\/index.php?rest_route=\/wp\/v2\/types\/post"}],"author":[{"embeddable":true,"href":"https:\/\/vocesdeveracruz.com.mx\/index.php?rest_route=\/wp\/v2\/users\/1"}],"replies":[{"embeddable":true,"href":"https:\/\/vocesdeveracruz.com.mx\/index.php?rest_route=%2Fwp%2Fv2%2Fcomments&post=3617"}],"version-history":[{"count":1,"href":"https:\/\/vocesdeveracruz.com.mx\/index.php?rest_route=\/wp\/v2\/posts\/3617\/revisions"}],"predecessor-version":[{"id":3621,"href":"https:\/\/vocesdeveracruz.com.mx\/index.php?rest_route=\/wp\/v2\/posts\/3617\/revisions\/3621"}],"wp:featuredmedia":[{"embeddable":true,"href":"https:\/\/vocesdeveracruz.com.mx\/index.php?rest_route=\/wp\/v2\/media\/3618"}],"wp:attachment":[{"href":"https:\/\/vocesdeveracruz.com.mx\/index.php?rest_route=%2Fwp%2Fv2%2Fmedia&parent=3617"}],"wp:term":[{"taxonomy":"category","embeddable":true,"href":"https:\/\/vocesdeveracruz.com.mx\/index.php?rest_route=%2Fwp%2Fv2%2Fcategories&post=3617"},{"taxonomy":"post_tag","embeddable":true,"href":"https:\/\/vocesdeveracruz.com.mx\/index.php?rest_route=%2Fwp%2Fv2%2Ftags&post=3617"}],"curies":[{"name":"wp","href":"https:\/\/api.w.org\/{rel}","templated":true}]}}