{"id":3599,"date":"2025-09-10T18:37:58","date_gmt":"2025-09-11T00:37:58","guid":{"rendered":"https:\/\/vocesdeveracruz.com.mx\/?p=3599"},"modified":"2025-09-10T18:37:58","modified_gmt":"2025-09-11T00:37:58","slug":"directora-de-la-secundaria-lazaro-cardenas-agradece-el-apoyo-a-la-educacion-enviado-por-la-gobernadora-rocio-nahle","status":"publish","type":"post","link":"https:\/\/vocesdeveracruz.com.mx\/?p=3599","title":{"rendered":"Directora de la secundaria L\u00e1zaro C\u00e1rdenas agradece el apoyo a la educaci\u00f3n enviado por la gobernadora Roc\u00edo Nahle"},"content":{"rendered":"\n<p><\/p>\n\n\n\n<p><a href=\"https:\/\/www.facebook.com\/hashtag\/p%C3%A1nuco?__eep__=6&amp;__cft__%5b0%5d=AZUdjK_FdOYgJ5SKrjHc-TATOc-yIZT8a8W-T0TsDKnx46kjLTjZqz9GHBowG67qSF8tkqnNdFalbdIc6Qp-pko8nSKGYK8yLeQwJenoU6rzrC_Zj0yxaA9XZu7MGrKntpvifUvjU4PQyY3VRAKqn9sV7d1VrLwW5sdeUW1w-2qUhz0HsfaTbszF4gBj3mpQY2ZVar9BHN7Fbh0if9jbblxU&amp;__tn__=*NK-R\"><strong>P\u00e1nuco<\/strong><\/a>, veracruz. &#8211; Importante entrega de mobiliario y pintura recibieron cuatro escuelas beneficiadas por parte del gobierno del estado, que encabeza la gobernadora Roc\u00edo Nahle Garc\u00eda a trav\u00e9s de la Secretar\u00eda de Educaci\u00f3n siendo en una primera etapa en el estado.<\/p>\n\n\n\n<p>Fue en la escuela primaria Desiderio Pav\u00f3n del municipio de P\u00e1nuco en donde se llev\u00f3 la entrega de mobiliario y material de rehabilitaci\u00f3n a las escuelas Vicente Guerrero de la comunidad de Ex Hacienda Chint\u00f3n, Desiderio Pav\u00f3n, Ignacio Zaragoza de el Higo y la secundaria federal L\u00e1zaro C\u00e1rdenas del R\u00edo, a trav\u00e9s del fomento a la educaci\u00f3n un programa que ha implementado la gobernadora Roc\u00edo Nahle en todo el estado de Veracruz.<\/p>\n\n\n\n<figure class=\"wp-block-image size-large\"><img loading=\"lazy\" decoding=\"async\" width=\"1024\" height=\"768\" src=\"https:\/\/vocesdeveracruz.com.mx\/wp-content\/uploads\/2025\/09\/546469402_1319168353335538_4149790311552030787_n-1024x768.jpg\" alt=\"\" class=\"wp-image-3601\" srcset=\"https:\/\/vocesdeveracruz.com.mx\/wp-content\/uploads\/2025\/09\/546469402_1319168353335538_4149790311552030787_n-1024x768.jpg 1024w, https:\/\/vocesdeveracruz.com.mx\/wp-content\/uploads\/2025\/09\/546469402_1319168353335538_4149790311552030787_n-300x225.jpg 300w, https:\/\/vocesdeveracruz.com.mx\/wp-content\/uploads\/2025\/09\/546469402_1319168353335538_4149790311552030787_n-768x576.jpg 768w, https:\/\/vocesdeveracruz.com.mx\/wp-content\/uploads\/2025\/09\/546469402_1319168353335538_4149790311552030787_n-1536x1152.jpg 1536w, https:\/\/vocesdeveracruz.com.mx\/wp-content\/uploads\/2025\/09\/546469402_1319168353335538_4149790311552030787_n.jpg 2048w\" sizes=\"auto, (max-width: 1024px) 100vw, 1024px\" \/><\/figure>\n\n\n\n<p>Por su parte la directora de la secundaria L\u00e1zaro C\u00e1rdenas, Abesita Sobrevilla Mart\u00ednez se dijo agradecida con el beneficio de recibir mobiliario y material para rehabilitar la instituci\u00f3n, misma que ha estado trabajando de manera positiva tanto con los alumnos y padres de familia.<\/p>\n\n\n\n<p>Sobrevilla Mart\u00ednez destac\u00f3 el trabajo que realiza la Secretar\u00eda de Educaci\u00f3n por instrucciones de la gobernadora que atinadamente ha estado al pendiente de la educaci\u00f3n de la ni\u00f1ez y j\u00f3venes en el estado, por \u00faltimo mencion\u00f3 que se estar\u00e1n llevando a cabo actividades dentro de la instituci\u00f3n que en breves d\u00edas estar\u00e1 dando a conocer.<\/p>\n","protected":false},"excerpt":{"rendered":"<p>P\u00e1nuco, veracruz. &#8211; Importante entrega de mobiliario y pintura recibieron cuatro escuelas beneficiadas por parte del gobierno del estado, que encabeza la gobernadora Roc\u00edo Nahle Garc\u00eda a trav\u00e9s de la&hellip;<\/p>\n","protected":false},"author":1,"featured_media":3600,"comment_status":"open","ping_status":"closed","sticky":false,"template":"","format":"standard","meta":{"footnotes":""},"categories":[72],"tags":[],"class_list":["post-3599","post","type-post","status-publish","format-standard","has-post-thumbnail","hentry","category-local"],"magazineBlocksPostFeaturedMedia":{"thumbnail":"https:\/\/vocesdeveracruz.com.mx\/wp-content\/uploads\/2025\/09\/546917601_1319168140002226_6283531950347229437_n-150x150.jpg","medium":"https:\/\/vocesdeveracruz.com.mx\/wp-content\/uploads\/2025\/09\/546917601_1319168140002226_6283531950347229437_n-300x225.jpg","medium_large":"https:\/\/vocesdeveracruz.com.mx\/wp-content\/uploads\/2025\/09\/546917601_1319168140002226_6283531950347229437_n-768x576.jpg","large":"https:\/\/vocesdeveracruz.com.mx\/wp-content\/uploads\/2025\/09\/546917601_1319168140002226_6283531950347229437_n-1024x768.jpg","1536x1536":"https:\/\/vocesdeveracruz.com.mx\/wp-content\/uploads\/2025\/09\/546917601_1319168140002226_6283531950347229437_n-1536x1152.jpg","2048x2048":"https:\/\/vocesdeveracruz.com.mx\/wp-content\/uploads\/2025\/09\/546917601_1319168140002226_6283531950347229437_n.jpg"},"magazineBlocksPostAuthor":{"name":"admin","avatar":"https:\/\/secure.gravatar.com\/avatar\/9d5013f9042ef2dfeb4122e9609da41e1858252ad644b84f2ec3a64ab59cceaf?s=96&d=mm&r=g"},"magazineBlocksPostCommentsNumber":"0","magazineBlocksPostExcerpt":"P\u00e1nuco, veracruz. &#8211; Importante entrega de mobiliario y pintura recibieron cuatro escuelas beneficiadas por parte del gobierno del estado, que encabeza la gobernadora Roc\u00edo Nahle Garc\u00eda a trav\u00e9s de la&hellip;","magazineBlocksPostCategories":["LOCAL"],"magazineBlocksPostViewCount":76,"magazineBlocksPostReadTime":2,"magazine_blocks_featured_image_url":{"full":["https:\/\/vocesdeveracruz.com.mx\/wp-content\/uploads\/2025\/09\/546917601_1319168140002226_6283531950347229437_n.jpg",1600,1200,false],"medium":["https:\/\/vocesdeveracruz.com.mx\/wp-content\/uploads\/2025\/09\/546917601_1319168140002226_6283531950347229437_n-300x225.jpg",300,225,true],"thumbnail":["https:\/\/vocesdeveracruz.com.mx\/wp-content\/uploads\/2025\/09\/546917601_1319168140002226_6283531950347229437_n-150x150.jpg",150,150,true]},"magazine_blocks_author":{"display_name":"admin","author_link":"https:\/\/vocesdeveracruz.com.mx\/?author=1"},"magazine_blocks_comment":0,"magazine_blocks_author_image":"https:\/\/secure.gravatar.com\/avatar\/9d5013f9042ef2dfeb4122e9609da41e1858252ad644b84f2ec3a64ab59cceaf?s=96&d=mm&r=g","magazine_blocks_category":"<a href=\"https:\/\/vocesdeveracruz.com.mx\/?cat=72\" rel=\"category\">LOCAL<\/a>","_links":{"self":[{"href":"https:\/\/vocesdeveracruz.com.mx\/index.php?rest_route=\/wp\/v2\/posts\/3599","targetHints":{"allow":["GET"]}}],"collection":[{"href":"https:\/\/vocesdeveracruz.com.mx\/index.php?rest_route=\/wp\/v2\/posts"}],"about":[{"href":"https:\/\/vocesdeveracruz.com.mx\/index.php?rest_route=\/wp\/v2\/types\/post"}],"author":[{"embeddable":true,"href":"https:\/\/vocesdeveracruz.com.mx\/index.php?rest_route=\/wp\/v2\/users\/1"}],"replies":[{"embeddable":true,"href":"https:\/\/vocesdeveracruz.com.mx\/index.php?rest_route=%2Fwp%2Fv2%2Fcomments&post=3599"}],"version-history":[{"count":1,"href":"https:\/\/vocesdeveracruz.com.mx\/index.php?rest_route=\/wp\/v2\/posts\/3599\/revisions"}],"predecessor-version":[{"id":3602,"href":"https:\/\/vocesdeveracruz.com.mx\/index.php?rest_route=\/wp\/v2\/posts\/3599\/revisions\/3602"}],"wp:featuredmedia":[{"embeddable":true,"href":"https:\/\/vocesdeveracruz.com.mx\/index.php?rest_route=\/wp\/v2\/media\/3600"}],"wp:attachment":[{"href":"https:\/\/vocesdeveracruz.com.mx\/index.php?rest_route=%2Fwp%2Fv2%2Fmedia&parent=3599"}],"wp:term":[{"taxonomy":"category","embeddable":true,"href":"https:\/\/vocesdeveracruz.com.mx\/index.php?rest_route=%2Fwp%2Fv2%2Fcategories&post=3599"},{"taxonomy":"post_tag","embeddable":true,"href":"https:\/\/vocesdeveracruz.com.mx\/index.php?rest_route=%2Fwp%2Fv2%2Ftags&post=3599"}],"curies":[{"name":"wp","href":"https:\/\/api.w.org\/{rel}","templated":true}]}}