{"id":3577,"date":"2025-09-08T22:23:32","date_gmt":"2025-09-09T04:23:32","guid":{"rendered":"https:\/\/vocesdeveracruz.com.mx\/?p=3577"},"modified":"2025-09-08T22:23:32","modified_gmt":"2025-09-09T04:23:32","slug":"inicia-en-panuco-la-semana-nacional-de-salud-publica-con-la-kermesse-unidos-por-tu-salud","status":"publish","type":"post","link":"https:\/\/vocesdeveracruz.com.mx\/?p=3577","title":{"rendered":"Inicia en P\u00e1nuco la Semana Nacional de Salud P\u00fablica con la kermesse \u201cUnidos por tu Salud\u201d"},"content":{"rendered":"\n<p><\/p>\n\n\n\n<p><\/p>\n\n\n\n<p><strong>P\u00e1nuco, Ver.<\/strong> \u2013 Con la finalidad de acercar servicios m\u00e9dicos y de prevenci\u00f3n a la poblaci\u00f3n, este lunes fue inaugurada en el COBAEV 59 la Semana Nacional de Salud P\u00fablica mediante la kermesse <em>\u201cUnidos por tu Salud\u201d<\/em>, organizada por la Secretar\u00eda de Salud de Veracruz (SESVER) en coordinaci\u00f3n con el Gobierno Federal.<\/p>\n\n\n\n<p>El programa que se desarrollar\u00e1 del 6 al 13 de septiembre, contempla actividades en los 12 municipios que integran el distrito de P\u00e1nuco y est\u00e1 dirigido a sectores educativos, comunidades marginadas, personas adultas mayores, poblaci\u00f3n con discapacidad y planteles de zonas ind\u00edgenas de Tantoyuca, Tempoal y Chicontepec.<\/p>\n\n\n\n<figure class=\"wp-block-image size-large\"><img loading=\"lazy\" decoding=\"async\" width=\"1024\" height=\"745\" src=\"https:\/\/vocesdeveracruz.com.mx\/wp-content\/uploads\/2025\/09\/31189-1024x745.png\" alt=\"\" class=\"wp-image-3578\" srcset=\"https:\/\/vocesdeveracruz.com.mx\/wp-content\/uploads\/2025\/09\/31189-1024x745.png 1024w, https:\/\/vocesdeveracruz.com.mx\/wp-content\/uploads\/2025\/09\/31189-300x218.png 300w, https:\/\/vocesdeveracruz.com.mx\/wp-content\/uploads\/2025\/09\/31189-768x559.png 768w, https:\/\/vocesdeveracruz.com.mx\/wp-content\/uploads\/2025\/09\/31189.png 1500w\" sizes=\"auto, (max-width: 1024px) 100vw, 1024px\" \/><\/figure>\n\n\n\n<p>Durante la inauguraci\u00f3n se instalaron m\u00f3dulos de vacunaci\u00f3n, salud bucal, regulaci\u00f3n sanitaria, entomolog\u00eda (vectores), VIH, PASIA (atenci\u00f3n al ni\u00f1o y adolescente), promoci\u00f3n de la salud, atenci\u00f3n m\u00e9dica general, nutrici\u00f3n y el buen comer, salud mental, prevenci\u00f3n de accidentes y comunicaci\u00f3n social.<\/p>\n\n\n\n<p>El jefe de la Jurisdicci\u00f3n Sanitaria N\u00famero 1, <strong>Dr. Rafael Aguilar Zamora<\/strong>, destac\u00f3 la importancia de llevar estas acciones a las comunidades m\u00e1s necesitadas, subrayando que el prop\u00f3sito es promover la prevenci\u00f3n como herramienta clave para mejorar la calidad de vida.<\/p>\n\n\n\n<p>El cierre de esta jornada de salud se llevar\u00e1 a cabo el pr\u00f3ximo <strong>13 de septiembre en el municipio de P\u00e1nuco<\/strong>, donde se realizar\u00e1 una caminata y actividades r\u00edtmicas abiertas al p\u00fablico.<\/p>\n\n\n\n<figure class=\"wp-block-image size-large\"><img loading=\"lazy\" decoding=\"async\" width=\"1024\" height=\"824\" src=\"https:\/\/vocesdeveracruz.com.mx\/wp-content\/uploads\/2025\/09\/31184-1024x824.png\" alt=\"\" class=\"wp-image-3579\" srcset=\"https:\/\/vocesdeveracruz.com.mx\/wp-content\/uploads\/2025\/09\/31184-1024x824.png 1024w, https:\/\/vocesdeveracruz.com.mx\/wp-content\/uploads\/2025\/09\/31184-300x241.png 300w, https:\/\/vocesdeveracruz.com.mx\/wp-content\/uploads\/2025\/09\/31184-768x618.png 768w, https:\/\/vocesdeveracruz.com.mx\/wp-content\/uploads\/2025\/09\/31184.png 1500w\" sizes=\"auto, (max-width: 1024px) 100vw, 1024px\" \/><\/figure>\n","protected":false},"excerpt":{"rendered":"<p>P\u00e1nuco, Ver. \u2013 Con la finalidad de acercar servicios m\u00e9dicos y de prevenci\u00f3n a la poblaci\u00f3n, este lunes fue inaugurada en el COBAEV 59 la Semana Nacional de Salud P\u00fablica&hellip;<\/p>\n","protected":false},"author":1,"featured_media":3580,"comment_status":"open","ping_status":"closed","sticky":false,"template":"","format":"standard","meta":{"footnotes":""},"categories":[72],"tags":[],"class_list":["post-3577","post","type-post","status-publish","format-standard","has-post-thumbnail","hentry","category-local"],"magazineBlocksPostFeaturedMedia":{"thumbnail":"https:\/\/vocesdeveracruz.com.mx\/wp-content\/uploads\/2025\/09\/20250908_102614-150x150.jpg","medium":"https:\/\/vocesdeveracruz.com.mx\/wp-content\/uploads\/2025\/09\/20250908_102614-300x225.jpg","medium_large":"https:\/\/vocesdeveracruz.com.mx\/wp-content\/uploads\/2025\/09\/20250908_102614-768x576.jpg","large":"https:\/\/vocesdeveracruz.com.mx\/wp-content\/uploads\/2025\/09\/20250908_102614-1024x768.jpg","1536x1536":"https:\/\/vocesdeveracruz.com.mx\/wp-content\/uploads\/2025\/09\/20250908_102614-1536x1152.jpg","2048x2048":"https:\/\/vocesdeveracruz.com.mx\/wp-content\/uploads\/2025\/09\/20250908_102614-2048x1536.jpg"},"magazineBlocksPostAuthor":{"name":"admin","avatar":"https:\/\/secure.gravatar.com\/avatar\/9d5013f9042ef2dfeb4122e9609da41e1858252ad644b84f2ec3a64ab59cceaf?s=96&d=mm&r=g"},"magazineBlocksPostCommentsNumber":"0","magazineBlocksPostExcerpt":"P\u00e1nuco, Ver. \u2013 Con la finalidad de acercar servicios m\u00e9dicos y de prevenci\u00f3n a la poblaci\u00f3n, este lunes fue inaugurada en el COBAEV 59 la Semana Nacional de Salud P\u00fablica&hellip;","magazineBlocksPostCategories":["LOCAL"],"magazineBlocksPostViewCount":111,"magazineBlocksPostReadTime":2,"magazine_blocks_featured_image_url":{"full":["https:\/\/vocesdeveracruz.com.mx\/wp-content\/uploads\/2025\/09\/20250908_102614-scaled.jpg",2560,1920,false],"medium":["https:\/\/vocesdeveracruz.com.mx\/wp-content\/uploads\/2025\/09\/20250908_102614-300x225.jpg",300,225,true],"thumbnail":["https:\/\/vocesdeveracruz.com.mx\/wp-content\/uploads\/2025\/09\/20250908_102614-150x150.jpg",150,150,true]},"magazine_blocks_author":{"display_name":"admin","author_link":"https:\/\/vocesdeveracruz.com.mx\/?author=1"},"magazine_blocks_comment":0,"magazine_blocks_author_image":"https:\/\/secure.gravatar.com\/avatar\/9d5013f9042ef2dfeb4122e9609da41e1858252ad644b84f2ec3a64ab59cceaf?s=96&d=mm&r=g","magazine_blocks_category":"<a href=\"https:\/\/vocesdeveracruz.com.mx\/?cat=72\" rel=\"category\">LOCAL<\/a>","_links":{"self":[{"href":"https:\/\/vocesdeveracruz.com.mx\/index.php?rest_route=\/wp\/v2\/posts\/3577","targetHints":{"allow":["GET"]}}],"collection":[{"href":"https:\/\/vocesdeveracruz.com.mx\/index.php?rest_route=\/wp\/v2\/posts"}],"about":[{"href":"https:\/\/vocesdeveracruz.com.mx\/index.php?rest_route=\/wp\/v2\/types\/post"}],"author":[{"embeddable":true,"href":"https:\/\/vocesdeveracruz.com.mx\/index.php?rest_route=\/wp\/v2\/users\/1"}],"replies":[{"embeddable":true,"href":"https:\/\/vocesdeveracruz.com.mx\/index.php?rest_route=%2Fwp%2Fv2%2Fcomments&post=3577"}],"version-history":[{"count":1,"href":"https:\/\/vocesdeveracruz.com.mx\/index.php?rest_route=\/wp\/v2\/posts\/3577\/revisions"}],"predecessor-version":[{"id":3581,"href":"https:\/\/vocesdeveracruz.com.mx\/index.php?rest_route=\/wp\/v2\/posts\/3577\/revisions\/3581"}],"wp:featuredmedia":[{"embeddable":true,"href":"https:\/\/vocesdeveracruz.com.mx\/index.php?rest_route=\/wp\/v2\/media\/3580"}],"wp:attachment":[{"href":"https:\/\/vocesdeveracruz.com.mx\/index.php?rest_route=%2Fwp%2Fv2%2Fmedia&parent=3577"}],"wp:term":[{"taxonomy":"category","embeddable":true,"href":"https:\/\/vocesdeveracruz.com.mx\/index.php?rest_route=%2Fwp%2Fv2%2Fcategories&post=3577"},{"taxonomy":"post_tag","embeddable":true,"href":"https:\/\/vocesdeveracruz.com.mx\/index.php?rest_route=%2Fwp%2Fv2%2Ftags&post=3577"}],"curies":[{"name":"wp","href":"https:\/\/api.w.org\/{rel}","templated":true}]}}