{"id":3543,"date":"2025-09-05T15:51:10","date_gmt":"2025-09-05T21:51:10","guid":{"rendered":"https:\/\/vocesdeveracruz.com.mx\/?p=3543"},"modified":"2025-09-05T15:51:10","modified_gmt":"2025-09-05T21:51:10","slug":"entregan-nombramientos-a-nuevos-delegados-del-sntpme-sf-en-la-zona-norte-de-veracruz","status":"publish","type":"post","link":"https:\/\/vocesdeveracruz.com.mx\/?p=3543","title":{"rendered":"Entregan nombramientos a nuevos delegados del SNTPME-SF en la zona norte de Veracruz"},"content":{"rendered":"\n<p><\/p>\n\n\n\n<p>P\u00e1nuco, Ver.\u2013 En un acto de relevancia sindical y social, el Sindicato Nacional de Trabajadores de Petr\u00f3leos Mexicanos, Empresas Subsidiarias y Filiales (SNTPME-SF), llev\u00f3 a cabo la entrega de nombramientos a los nuevos delegados de la zona norte del estado de Veracruz.<\/p>\n\n\n\n<figure class=\"wp-block-gallery has-nested-images columns-default is-cropped wp-block-gallery-1 is-layout-flex wp-block-gallery-is-layout-flex\">\n<figure class=\"wp-block-image size-large\"><img loading=\"lazy\" decoding=\"async\" width=\"1024\" height=\"768\" data-id=\"3545\" src=\"https:\/\/vocesdeveracruz.com.mx\/wp-content\/uploads\/2025\/09\/28965-1024x768.jpg\" alt=\"\" class=\"wp-image-3545\" srcset=\"https:\/\/vocesdeveracruz.com.mx\/wp-content\/uploads\/2025\/09\/28965-1024x768.jpg 1024w, https:\/\/vocesdeveracruz.com.mx\/wp-content\/uploads\/2025\/09\/28965-300x225.jpg 300w, https:\/\/vocesdeveracruz.com.mx\/wp-content\/uploads\/2025\/09\/28965-768x576.jpg 768w, https:\/\/vocesdeveracruz.com.mx\/wp-content\/uploads\/2025\/09\/28965-1536x1152.jpg 1536w, https:\/\/vocesdeveracruz.com.mx\/wp-content\/uploads\/2025\/09\/28965.jpg 1600w\" sizes=\"auto, (max-width: 1024px) 100vw, 1024px\" \/><\/figure>\n<\/figure>\n\n\n\n<p>El secretario general del organismo, <strong>Jorge Enrique Z\u00e1rate<\/strong>, entreg\u00f3 los nombramientos a <strong>Lizeth M\u00e9ndez Mart\u00ednez<\/strong>, quien asumir\u00e1 como delegada de la zona norte, y a <strong>Daniel Serna Montiel<\/strong>, en calidad de subdelegado.<\/p>\n\n\n\n<p>El acto cont\u00f3 con la presencia de la <strong>diputada local del distrito 01, Bego\u00f1a Canales<\/strong>, as\u00ed como de <strong>Filiberto Olivares<\/strong>, representante del CLAM R\u00edo P\u00e1nuco y <strong>Felisa Rangel Soberanes<\/strong>, quienes atestiguaron el fortalecimiento de la estructura sindical en la regi\u00f3n.<\/p>\n\n\n\n<p>En su mensaje, <strong>Jorge Enrique Z\u00e1rate<\/strong> destac\u00f3 que la labor del sindicato busca garantizar que la mano de obra en las empresas que lleguen a trabajar para PEMEX en la zona norte de Veracruz sea <strong>local<\/strong>, abarcando municipios como P\u00e1nuco, Pueblo Viejo y otros de la regi\u00f3n.<\/p>\n\n\n\n<p>\u201cTraemos proyectos vinculados a la sociedad, nuestro objetivo es servir al trabajador y trabajadora, fortaleciendo alianzas y garantizando condiciones contractuales justas\u201d, afirm\u00f3 Z\u00e1rate. Asimismo, dio a conocer que se trabaja en <strong>alianzas con asociaciones civiles<\/strong> que incluyen un proyecto de impacto ambiental que podr\u00eda generar <strong>m\u00e1s de 3 mil empleos<\/strong> en municipios como P\u00e1nuco, \u00c9bano, Altamira y Tamal\u00edn.<\/p>\n\n\n\n<figure class=\"wp-block-image size-large\"><img loading=\"lazy\" decoding=\"async\" width=\"1024\" height=\"768\" src=\"https:\/\/vocesdeveracruz.com.mx\/wp-content\/uploads\/2025\/09\/28946-1024x768.jpg\" alt=\"\" class=\"wp-image-3546\" srcset=\"https:\/\/vocesdeveracruz.com.mx\/wp-content\/uploads\/2025\/09\/28946-1024x768.jpg 1024w, https:\/\/vocesdeveracruz.com.mx\/wp-content\/uploads\/2025\/09\/28946-300x225.jpg 300w, https:\/\/vocesdeveracruz.com.mx\/wp-content\/uploads\/2025\/09\/28946-768x576.jpg 768w, https:\/\/vocesdeveracruz.com.mx\/wp-content\/uploads\/2025\/09\/28946-1536x1152.jpg 1536w, https:\/\/vocesdeveracruz.com.mx\/wp-content\/uploads\/2025\/09\/28946-2048x1536.jpg 2048w\" sizes=\"auto, (max-width: 1024px) 100vw, 1024px\" \/><\/figure>\n\n\n\n<p>Por su parte, la diputada <strong>Bego\u00f1a Canales<\/strong> reconoci\u00f3 la importancia de estas gestiones, ya que permitir\u00e1n abrir <strong>bolsas de trabajo<\/strong> para ingenieros egresados de tecnol\u00f3gicos de la regi\u00f3n y fomentar la vinculaci\u00f3n acad\u00e9mica con los proyectos de residencia profesional.<\/p>\n\n\n\n<p>\u201cEs fundamental asegurar las condiciones laborales de los trabajadores y, al mismo tiempo, abrir oportunidades para los j\u00f3venes profesionistas. Este tipo de convenios son una gran noticia para la zona norte, ya que sabemos de la capacidad y compromiso del sindicato\u201d, expres\u00f3 la legisladora.<\/p>\n","protected":false},"excerpt":{"rendered":"<p>P\u00e1nuco, Ver.\u2013 En un acto de relevancia sindical y social, el Sindicato Nacional de Trabajadores de Petr\u00f3leos Mexicanos, Empresas Subsidiarias y Filiales (SNTPME-SF), llev\u00f3 a cabo la entrega de nombramientos&hellip;<\/p>\n","protected":false},"author":1,"featured_media":3544,"comment_status":"open","ping_status":"closed","sticky":false,"template":"","format":"standard","meta":{"footnotes":""},"categories":[72],"tags":[],"class_list":["post-3543","post","type-post","status-publish","format-standard","has-post-thumbnail","hentry","category-local"],"magazineBlocksPostFeaturedMedia":{"thumbnail":"https:\/\/vocesdeveracruz.com.mx\/wp-content\/uploads\/2025\/09\/20250905_133300-150x150.jpg","medium":"https:\/\/vocesdeveracruz.com.mx\/wp-content\/uploads\/2025\/09\/20250905_133300-300x116.jpg","medium_large":"https:\/\/vocesdeveracruz.com.mx\/wp-content\/uploads\/2025\/09\/20250905_133300-768x297.jpg","large":"https:\/\/vocesdeveracruz.com.mx\/wp-content\/uploads\/2025\/09\/20250905_133300-1024x396.jpg","1536x1536":"https:\/\/vocesdeveracruz.com.mx\/wp-content\/uploads\/2025\/09\/20250905_133300-1536x593.jpg","2048x2048":"https:\/\/vocesdeveracruz.com.mx\/wp-content\/uploads\/2025\/09\/20250905_133300-2048x791.jpg"},"magazineBlocksPostAuthor":{"name":"admin","avatar":"https:\/\/secure.gravatar.com\/avatar\/9d5013f9042ef2dfeb4122e9609da41e1858252ad644b84f2ec3a64ab59cceaf?s=96&d=mm&r=g"},"magazineBlocksPostCommentsNumber":"0","magazineBlocksPostExcerpt":"P\u00e1nuco, Ver.\u2013 En un acto de relevancia sindical y social, el Sindicato Nacional de Trabajadores de Petr\u00f3leos Mexicanos, Empresas Subsidiarias y Filiales (SNTPME-SF), llev\u00f3 a cabo la entrega de nombramientos&hellip;","magazineBlocksPostCategories":["LOCAL"],"magazineBlocksPostViewCount":220,"magazineBlocksPostReadTime":2,"magazine_blocks_featured_image_url":{"full":["https:\/\/vocesdeveracruz.com.mx\/wp-content\/uploads\/2025\/09\/20250905_133300-scaled.jpg",2560,989,false],"medium":["https:\/\/vocesdeveracruz.com.mx\/wp-content\/uploads\/2025\/09\/20250905_133300-300x116.jpg",300,116,true],"thumbnail":["https:\/\/vocesdeveracruz.com.mx\/wp-content\/uploads\/2025\/09\/20250905_133300-150x150.jpg",150,150,true]},"magazine_blocks_author":{"display_name":"admin","author_link":"https:\/\/vocesdeveracruz.com.mx\/?author=1"},"magazine_blocks_comment":0,"magazine_blocks_author_image":"https:\/\/secure.gravatar.com\/avatar\/9d5013f9042ef2dfeb4122e9609da41e1858252ad644b84f2ec3a64ab59cceaf?s=96&d=mm&r=g","magazine_blocks_category":"<a href=\"https:\/\/vocesdeveracruz.com.mx\/?cat=72\" rel=\"category\">LOCAL<\/a>","_links":{"self":[{"href":"https:\/\/vocesdeveracruz.com.mx\/index.php?rest_route=\/wp\/v2\/posts\/3543","targetHints":{"allow":["GET"]}}],"collection":[{"href":"https:\/\/vocesdeveracruz.com.mx\/index.php?rest_route=\/wp\/v2\/posts"}],"about":[{"href":"https:\/\/vocesdeveracruz.com.mx\/index.php?rest_route=\/wp\/v2\/types\/post"}],"author":[{"embeddable":true,"href":"https:\/\/vocesdeveracruz.com.mx\/index.php?rest_route=\/wp\/v2\/users\/1"}],"replies":[{"embeddable":true,"href":"https:\/\/vocesdeveracruz.com.mx\/index.php?rest_route=%2Fwp%2Fv2%2Fcomments&post=3543"}],"version-history":[{"count":1,"href":"https:\/\/vocesdeveracruz.com.mx\/index.php?rest_route=\/wp\/v2\/posts\/3543\/revisions"}],"predecessor-version":[{"id":3547,"href":"https:\/\/vocesdeveracruz.com.mx\/index.php?rest_route=\/wp\/v2\/posts\/3543\/revisions\/3547"}],"wp:featuredmedia":[{"embeddable":true,"href":"https:\/\/vocesdeveracruz.com.mx\/index.php?rest_route=\/wp\/v2\/media\/3544"}],"wp:attachment":[{"href":"https:\/\/vocesdeveracruz.com.mx\/index.php?rest_route=%2Fwp%2Fv2%2Fmedia&parent=3543"}],"wp:term":[{"taxonomy":"category","embeddable":true,"href":"https:\/\/vocesdeveracruz.com.mx\/index.php?rest_route=%2Fwp%2Fv2%2Fcategories&post=3543"},{"taxonomy":"post_tag","embeddable":true,"href":"https:\/\/vocesdeveracruz.com.mx\/index.php?rest_route=%2Fwp%2Fv2%2Ftags&post=3543"}],"curies":[{"name":"wp","href":"https:\/\/api.w.org\/{rel}","templated":true}]}}