{"id":3503,"date":"2025-09-01T21:45:52","date_gmt":"2025-09-02T03:45:52","guid":{"rendered":"https:\/\/vocesdeveracruz.com.mx\/?p=3503"},"modified":"2025-09-01T21:45:52","modified_gmt":"2025-09-02T03:45:52","slug":"inicia-ciclo-escolar-en-el-cbtis-55-de-panuco","status":"publish","type":"post","link":"https:\/\/vocesdeveracruz.com.mx\/?p=3503","title":{"rendered":"Inicia ciclo escolar en el CBTis 55 de P\u00e1nuco"},"content":{"rendered":"\n<p>P\u00e1nuco, Ver.\u2013 Con un acto c\u00edvico realizado en las instalaciones del plantel, este lunes dio inicio oficialmente el ciclo escolar 2025\u20132026 en el Centro de Bachillerato Tecnol\u00f3gico Industrial y de Servicios (CBTis) No. 55 de esta ciudad.<\/p>\n\n\n\n<p><\/p>\n\n\n\n<p>El subdirector acad\u00e9mico y responsable de la direcci\u00f3n, Mtro. Adri\u00e1n Barush Sanju\u00e1n, fue el encargado de dar la bienvenida a la comunidad estudiantil, exhortando a las y los j\u00f3venes a aprovechar cada oportunidad de aprendizaje durante esta nueva etapa.<\/p>\n\n\n\n<p>En el marco de este inicio de actividades, tambi\u00e9n se llev\u00f3 a cabo la inauguraci\u00f3n de la rehabilitaci\u00f3n de los sanitarios para varones, obra realizada gracias a los recursos del Comit\u00e9 Escolar de Administraci\u00f3n Participativa, financiados con aportaciones voluntarias durante el semestre febrero\u2013julio 2025.<\/p>\n\n\n\n<figure class=\"wp-block-image size-large\"><img loading=\"lazy\" decoding=\"async\" width=\"1024\" height=\"768\" src=\"https:\/\/vocesdeveracruz.com.mx\/wp-content\/uploads\/2025\/09\/26448-1024x768.jpg\" alt=\"\" class=\"wp-image-3505\" srcset=\"https:\/\/vocesdeveracruz.com.mx\/wp-content\/uploads\/2025\/09\/26448-1024x768.jpg 1024w, https:\/\/vocesdeveracruz.com.mx\/wp-content\/uploads\/2025\/09\/26448-300x225.jpg 300w, https:\/\/vocesdeveracruz.com.mx\/wp-content\/uploads\/2025\/09\/26448-768x576.jpg 768w, https:\/\/vocesdeveracruz.com.mx\/wp-content\/uploads\/2025\/09\/26448-1536x1152.jpg 1536w, https:\/\/vocesdeveracruz.com.mx\/wp-content\/uploads\/2025\/09\/26448-2048x1536.jpg 2048w\" sizes=\"auto, (max-width: 1024px) 100vw, 1024px\" \/><\/figure>\n\n\n\n<p>Asimismo, el directivo invit\u00f3 al alumnado a prepararse para representar al plantel en pr\u00f3ximos encuentros acad\u00e9micos y culturales, entre ellos el Encuentro Nacional de Arte y Cultura, a celebrarse entre octubre y noviembre, as\u00ed como en el Concurso de Conocimientos de Componente Fundamental, como son ciencias naturales, matem\u00e1ticas, ingl\u00e9s y cultura digital, entre otras.<\/p>\n\n\n\n<p>De igual manera, se dio a conocer que la Direcci\u00f3n General de Educaci\u00f3n Tecnol\u00f3gica Industrial (DGTI) impulsar\u00e1 en este ciclo programas enfocados en la formaci\u00f3n integral del estudiantado, como la Cultura de Paz, el PAE (Programa Aula, Escuela y Comunidad) y acciones de prevenci\u00f3n contra la drogadicci\u00f3n y el alcoholismo.<\/p>\n\n\n\n<figure class=\"wp-block-image size-large\"><img loading=\"lazy\" decoding=\"async\" width=\"576\" height=\"1024\" src=\"https:\/\/vocesdeveracruz.com.mx\/wp-content\/uploads\/2025\/09\/26465-576x1024.jpg\" alt=\"\" class=\"wp-image-3506\" srcset=\"https:\/\/vocesdeveracruz.com.mx\/wp-content\/uploads\/2025\/09\/26465-576x1024.jpg 576w, https:\/\/vocesdeveracruz.com.mx\/wp-content\/uploads\/2025\/09\/26465-169x300.jpg 169w, https:\/\/vocesdeveracruz.com.mx\/wp-content\/uploads\/2025\/09\/26465-768x1365.jpg 768w, https:\/\/vocesdeveracruz.com.mx\/wp-content\/uploads\/2025\/09\/26465-864x1536.jpg 864w, https:\/\/vocesdeveracruz.com.mx\/wp-content\/uploads\/2025\/09\/26465.jpg 900w\" sizes=\"auto, (max-width: 576px) 100vw, 576px\" \/><\/figure>\n","protected":false},"excerpt":{"rendered":"<p>P\u00e1nuco, Ver.\u2013 Con un acto c\u00edvico realizado en las instalaciones del plantel, este lunes dio inicio oficialmente el ciclo escolar 2025\u20132026 en el Centro de Bachillerato Tecnol\u00f3gico Industrial y de&hellip;<\/p>\n","protected":false},"author":1,"featured_media":3504,"comment_status":"open","ping_status":"closed","sticky":false,"template":"","format":"standard","meta":{"footnotes":""},"categories":[72],"tags":[],"class_list":["post-3503","post","type-post","status-publish","format-standard","has-post-thumbnail","hentry","category-local"],"magazineBlocksPostFeaturedMedia":{"thumbnail":"https:\/\/vocesdeveracruz.com.mx\/wp-content\/uploads\/2025\/09\/20250901_161657-150x150.jpg","medium":"https:\/\/vocesdeveracruz.com.mx\/wp-content\/uploads\/2025\/09\/20250901_161657-300x225.jpg","medium_large":"https:\/\/vocesdeveracruz.com.mx\/wp-content\/uploads\/2025\/09\/20250901_161657-768x576.jpg","large":"https:\/\/vocesdeveracruz.com.mx\/wp-content\/uploads\/2025\/09\/20250901_161657-1024x768.jpg","1536x1536":"https:\/\/vocesdeveracruz.com.mx\/wp-content\/uploads\/2025\/09\/20250901_161657-1536x1152.jpg","2048x2048":"https:\/\/vocesdeveracruz.com.mx\/wp-content\/uploads\/2025\/09\/20250901_161657-2048x1536.jpg"},"magazineBlocksPostAuthor":{"name":"admin","avatar":"https:\/\/secure.gravatar.com\/avatar\/9d5013f9042ef2dfeb4122e9609da41e1858252ad644b84f2ec3a64ab59cceaf?s=96&d=mm&r=g"},"magazineBlocksPostCommentsNumber":"0","magazineBlocksPostExcerpt":"P\u00e1nuco, Ver.\u2013 Con un acto c\u00edvico realizado en las instalaciones del plantel, este lunes dio inicio oficialmente el ciclo escolar 2025\u20132026 en el Centro de Bachillerato Tecnol\u00f3gico Industrial y de&hellip;","magazineBlocksPostCategories":["LOCAL"],"magazineBlocksPostViewCount":382,"magazineBlocksPostReadTime":2,"magazine_blocks_featured_image_url":{"full":["https:\/\/vocesdeveracruz.com.mx\/wp-content\/uploads\/2025\/09\/20250901_161657-scaled.jpg",2560,1920,false],"medium":["https:\/\/vocesdeveracruz.com.mx\/wp-content\/uploads\/2025\/09\/20250901_161657-300x225.jpg",300,225,true],"thumbnail":["https:\/\/vocesdeveracruz.com.mx\/wp-content\/uploads\/2025\/09\/20250901_161657-150x150.jpg",150,150,true]},"magazine_blocks_author":{"display_name":"admin","author_link":"https:\/\/vocesdeveracruz.com.mx\/?author=1"},"magazine_blocks_comment":0,"magazine_blocks_author_image":"https:\/\/secure.gravatar.com\/avatar\/9d5013f9042ef2dfeb4122e9609da41e1858252ad644b84f2ec3a64ab59cceaf?s=96&d=mm&r=g","magazine_blocks_category":"<a href=\"https:\/\/vocesdeveracruz.com.mx\/?cat=72\" rel=\"category\">LOCAL<\/a>","_links":{"self":[{"href":"https:\/\/vocesdeveracruz.com.mx\/index.php?rest_route=\/wp\/v2\/posts\/3503","targetHints":{"allow":["GET"]}}],"collection":[{"href":"https:\/\/vocesdeveracruz.com.mx\/index.php?rest_route=\/wp\/v2\/posts"}],"about":[{"href":"https:\/\/vocesdeveracruz.com.mx\/index.php?rest_route=\/wp\/v2\/types\/post"}],"author":[{"embeddable":true,"href":"https:\/\/vocesdeveracruz.com.mx\/index.php?rest_route=\/wp\/v2\/users\/1"}],"replies":[{"embeddable":true,"href":"https:\/\/vocesdeveracruz.com.mx\/index.php?rest_route=%2Fwp%2Fv2%2Fcomments&post=3503"}],"version-history":[{"count":1,"href":"https:\/\/vocesdeveracruz.com.mx\/index.php?rest_route=\/wp\/v2\/posts\/3503\/revisions"}],"predecessor-version":[{"id":3507,"href":"https:\/\/vocesdeveracruz.com.mx\/index.php?rest_route=\/wp\/v2\/posts\/3503\/revisions\/3507"}],"wp:featuredmedia":[{"embeddable":true,"href":"https:\/\/vocesdeveracruz.com.mx\/index.php?rest_route=\/wp\/v2\/media\/3504"}],"wp:attachment":[{"href":"https:\/\/vocesdeveracruz.com.mx\/index.php?rest_route=%2Fwp%2Fv2%2Fmedia&parent=3503"}],"wp:term":[{"taxonomy":"category","embeddable":true,"href":"https:\/\/vocesdeveracruz.com.mx\/index.php?rest_route=%2Fwp%2Fv2%2Fcategories&post=3503"},{"taxonomy":"post_tag","embeddable":true,"href":"https:\/\/vocesdeveracruz.com.mx\/index.php?rest_route=%2Fwp%2Fv2%2Ftags&post=3503"}],"curies":[{"name":"wp","href":"https:\/\/api.w.org\/{rel}","templated":true}]}}