{"id":3484,"date":"2025-08-29T22:09:25","date_gmt":"2025-08-30T04:09:25","guid":{"rendered":"https:\/\/vocesdeveracruz.com.mx\/?p=3484"},"modified":"2025-08-29T22:09:25","modified_gmt":"2025-08-30T04:09:25","slug":"la-oposicion-recurre-a-la-inteligencia-artificial-ante-la-fuerza-del-pueblo-de-tantoyuca","status":"publish","type":"post","link":"https:\/\/vocesdeveracruz.com.mx\/?p=3484","title":{"rendered":"La oposici\u00f3n recurre a la inteligencia artificial ante la fuerza del pueblo de Tantoyuca"},"content":{"rendered":"\n<p><\/p>\n\n\n\n<p>En pol\u00edtica hay derrotas que se asumen con madurez y otras que terminan convertidas en llanto y rencor. Eso es justamente lo que hoy vive la oposici\u00f3n en Tantoyuca, tras la elecci\u00f3n que marc\u00f3 un antes y un despu\u00e9s en la vida democr\u00e1tica de este municipio. Morena, con Roberto San Rom\u00e1n al frente, logr\u00f3 una victoria arrolladora que no solo evidenci\u00f3 el hartazgo ciudadano, sino tambi\u00e9n la fuerza de un pueblo unido que decidi\u00f3 cambiar el rumbo.<\/p>\n\n\n\n<p>El alcalde electo Roberto San Rom\u00e1n expres\u00f3 la reacci\u00f3n de los adversarios no sorprende: al estilo porril que recuerda a Alito Moreno, los viejos cacicazgos recurren ahora a campa\u00f1as negras y montajes generados incluso con inteligencia artificial, una muestra clara de la impotencia que provoca ser derrotados. Sin proyecto y sin credibilidad, solo les queda aferrarse a la mentira.<\/p>\n\n\n\n<p>Roberto San Rom\u00e1n, alcalde electo, ha sido claro: \u201cVoy a gobernar y recuperar al pueblo de Tantoyuca, el pueblo me conoce y me dio su confianza\u201d. Sus palabras reflejan no solo un compromiso pol\u00edtico, sino una convicci\u00f3n de vida: devolverle a Tantoyuca la dignidad tras m\u00e1s de 20 a\u00f1os de ser gobernada por una sola familia.<\/p>\n\n\n\n<p>La elecci\u00f3n pasada demostr\u00f3 que cuando el pueblo se cansa y decide unirse, puede transformar la historia. Hoy, Tantoyuca es ejemplo de esa fuerza colectiva que derriba murallas y abre camino a una nueva etapa de justicia, progreso y cercan\u00eda con la gente.<\/p>\n\n\n\n<p>Roberto San Rom\u00e1n no enfrenta una tarea menor, deber\u00e1 gobernar con sensibilidad, escuchar a todos los sectores y confirmar que el cambio por el que votaron miles de ciudadanos es real y tangible. Pero lo que es un hecho es que la p\u00e1gina ya est\u00e1 escrita: Tantoyuca dej\u00f3 atr\u00e1s el pasado de cacicazgos y comienza a caminar hacia un futuro distinto, con la confianza puesta en un liderazgo joven y decidido.<\/p>\n\n\n\n<p>El reto est\u00e1 en convertir la esperanza en resultados. Y en esa ruta, Roberto San Rom\u00e1n ya tiene el respaldo del pueblo.<\/p>\n","protected":false},"excerpt":{"rendered":"<p>En pol\u00edtica hay derrotas que se asumen con madurez y otras que terminan convertidas en llanto y rencor. Eso es justamente lo que hoy vive la oposici\u00f3n en Tantoyuca, tras&hellip;<\/p>\n","protected":false},"author":1,"featured_media":3485,"comment_status":"open","ping_status":"closed","sticky":false,"template":"","format":"standard","meta":{"footnotes":""},"categories":[72],"tags":[],"class_list":["post-3484","post","type-post","status-publish","format-standard","has-post-thumbnail","hentry","category-local"],"magazineBlocksPostFeaturedMedia":{"thumbnail":"https:\/\/vocesdeveracruz.com.mx\/wp-content\/uploads\/2025\/08\/Tantoyuca-es-sede-de-la-cuarta-entrega-del-programa-Apoyo-a-la-Palabra-Pl_20250829_215730_0000-150x150.png","medium":"https:\/\/vocesdeveracruz.com.mx\/wp-content\/uploads\/2025\/08\/Tantoyuca-es-sede-de-la-cuarta-entrega-del-programa-Apoyo-a-la-Palabra-Pl_20250829_215730_0000-300x140.png","medium_large":"https:\/\/vocesdeveracruz.com.mx\/wp-content\/uploads\/2025\/08\/Tantoyuca-es-sede-de-la-cuarta-entrega-del-programa-Apoyo-a-la-Palabra-Pl_20250829_215730_0000-768x358.png","large":"https:\/\/vocesdeveracruz.com.mx\/wp-content\/uploads\/2025\/08\/Tantoyuca-es-sede-de-la-cuarta-entrega-del-programa-Apoyo-a-la-Palabra-Pl_20250829_215730_0000-1024x477.png","1536x1536":"https:\/\/vocesdeveracruz.com.mx\/wp-content\/uploads\/2025\/08\/Tantoyuca-es-sede-de-la-cuarta-entrega-del-programa-Apoyo-a-la-Palabra-Pl_20250829_215730_0000.png","2048x2048":"https:\/\/vocesdeveracruz.com.mx\/wp-content\/uploads\/2025\/08\/Tantoyuca-es-sede-de-la-cuarta-entrega-del-programa-Apoyo-a-la-Palabra-Pl_20250829_215730_0000.png"},"magazineBlocksPostAuthor":{"name":"admin","avatar":"https:\/\/secure.gravatar.com\/avatar\/9d5013f9042ef2dfeb4122e9609da41e1858252ad644b84f2ec3a64ab59cceaf?s=96&d=mm&r=g"},"magazineBlocksPostCommentsNumber":"0","magazineBlocksPostExcerpt":"En pol\u00edtica hay derrotas que se asumen con madurez y otras que terminan convertidas en llanto y rencor. Eso es justamente lo que hoy vive la oposici\u00f3n en Tantoyuca, tras&hellip;","magazineBlocksPostCategories":["LOCAL"],"magazineBlocksPostViewCount":93,"magazineBlocksPostReadTime":2,"magazine_blocks_featured_image_url":{"full":["https:\/\/vocesdeveracruz.com.mx\/wp-content\/uploads\/2025\/08\/Tantoyuca-es-sede-de-la-cuarta-entrega-del-programa-Apoyo-a-la-Palabra-Pl_20250829_215730_0000.png",1500,699,false],"medium":["https:\/\/vocesdeveracruz.com.mx\/wp-content\/uploads\/2025\/08\/Tantoyuca-es-sede-de-la-cuarta-entrega-del-programa-Apoyo-a-la-Palabra-Pl_20250829_215730_0000-300x140.png",300,140,true],"thumbnail":["https:\/\/vocesdeveracruz.com.mx\/wp-content\/uploads\/2025\/08\/Tantoyuca-es-sede-de-la-cuarta-entrega-del-programa-Apoyo-a-la-Palabra-Pl_20250829_215730_0000-150x150.png",150,150,true]},"magazine_blocks_author":{"display_name":"admin","author_link":"https:\/\/vocesdeveracruz.com.mx\/?author=1"},"magazine_blocks_comment":0,"magazine_blocks_author_image":"https:\/\/secure.gravatar.com\/avatar\/9d5013f9042ef2dfeb4122e9609da41e1858252ad644b84f2ec3a64ab59cceaf?s=96&d=mm&r=g","magazine_blocks_category":"<a href=\"https:\/\/vocesdeveracruz.com.mx\/?cat=72\" rel=\"category\">LOCAL<\/a>","_links":{"self":[{"href":"https:\/\/vocesdeveracruz.com.mx\/index.php?rest_route=\/wp\/v2\/posts\/3484","targetHints":{"allow":["GET"]}}],"collection":[{"href":"https:\/\/vocesdeveracruz.com.mx\/index.php?rest_route=\/wp\/v2\/posts"}],"about":[{"href":"https:\/\/vocesdeveracruz.com.mx\/index.php?rest_route=\/wp\/v2\/types\/post"}],"author":[{"embeddable":true,"href":"https:\/\/vocesdeveracruz.com.mx\/index.php?rest_route=\/wp\/v2\/users\/1"}],"replies":[{"embeddable":true,"href":"https:\/\/vocesdeveracruz.com.mx\/index.php?rest_route=%2Fwp%2Fv2%2Fcomments&post=3484"}],"version-history":[{"count":1,"href":"https:\/\/vocesdeveracruz.com.mx\/index.php?rest_route=\/wp\/v2\/posts\/3484\/revisions"}],"predecessor-version":[{"id":3486,"href":"https:\/\/vocesdeveracruz.com.mx\/index.php?rest_route=\/wp\/v2\/posts\/3484\/revisions\/3486"}],"wp:featuredmedia":[{"embeddable":true,"href":"https:\/\/vocesdeveracruz.com.mx\/index.php?rest_route=\/wp\/v2\/media\/3485"}],"wp:attachment":[{"href":"https:\/\/vocesdeveracruz.com.mx\/index.php?rest_route=%2Fwp%2Fv2%2Fmedia&parent=3484"}],"wp:term":[{"taxonomy":"category","embeddable":true,"href":"https:\/\/vocesdeveracruz.com.mx\/index.php?rest_route=%2Fwp%2Fv2%2Fcategories&post=3484"},{"taxonomy":"post_tag","embeddable":true,"href":"https:\/\/vocesdeveracruz.com.mx\/index.php?rest_route=%2Fwp%2Fv2%2Ftags&post=3484"}],"curies":[{"name":"wp","href":"https:\/\/api.w.org\/{rel}","templated":true}]}}